{"id":480,"date":"2025-11-04T10:56:13","date_gmt":"2025-11-04T10:56:13","guid":{"rendered":"https:\/\/rehabilitemoscastellon.es\/?p=480"},"modified":"2025-11-04T10:56:13","modified_gmt":"2025-11-04T10:56:13","slug":"avanzan-las-obras-de-rehabilitacion","status":"publish","type":"post","link":"https:\/\/rehabilitemoscastellon.es\/index.php\/2025\/11\/04\/avanzan-las-obras-de-rehabilitacion\/","title":{"rendered":"\u00a1Avanzan las obras de rehabilitaci\u00f3n! \ud83c\udfd7\ufe0f\ud83c\udfd8\ufe0f"},"content":{"rendered":"\n<p>Las obras del Plan de Barrios \u00a0ya avanzan con fuerza en Castellon.<br>Desde hace varios meses se est\u00e1n llevando a cabo las obras, en los grupos residenciales <strong>Cernuda y Velasco, Sequiol y  Rafalafena, <\/strong>donde ya se empieza a apreciar la evoluci\u00f3n de los proyectos, aunque todav\u00eda queda mucho por ver.<\/p>\n\n\n\n<p>Esta transformaci\u00f3n, fruto del trabajo conjunto entre el Ayuntamiento y los vecinos, tiene como objetivo principal la mejora de la eficiencia energ\u00e9tica de los edificios.<\/p>\n\n\n\n<p><\/p>\n\n\n\n<div class=\"wp-block-columns are-vertically-aligned-center is-layout-flex wp-container-core-columns-is-layout-9d6595d7 wp-block-columns-is-layout-flex\">\n<div class=\"wp-block-column is-vertically-aligned-center is-layout-flow wp-block-column-is-layout-flow\" style=\"flex-basis:33.34%\">\n<figure class=\"wp-block-image size-large\"><img loading=\"lazy\" decoding=\"async\" width=\"768\" height=\"1024\" src=\"https:\/\/rehabilitemoscastellon.es\/wp-content\/uploads\/2025\/11\/12345678-768x1024.png\" alt=\"Rafalafena \" class=\"wp-image-481\"\/><figcaption class=\"wp-element-caption\">Rafalafena<\/figcaption><\/figure>\n<\/div>\n\n\n\n<div class=\"wp-block-column is-vertically-aligned-center is-layout-flow wp-block-column-is-layout-flow\" style=\"flex-basis:33.34%\">\n<figure class=\"wp-block-image size-full\"><img loading=\"lazy\" decoding=\"async\" width=\"476\" height=\"636\" src=\"https:\/\/rehabilitemoscastellon.es\/wp-content\/uploads\/2025\/11\/852369741.png\" alt=\"Cernuda y Velasco\" class=\"wp-image-483\" srcset=\"https:\/\/rehabilitemoscastellon.es\/wp-content\/uploads\/2025\/11\/852369741.png 476w, https:\/\/rehabilitemoscastellon.es\/wp-content\/uploads\/2025\/11\/852369741-225x300.png 225w\" sizes=\"auto, (max-width: 476px) 100vw, 476px\" \/><figcaption class=\"wp-element-caption\">Cernuda y Velasco<\/figcaption><\/figure>\n<\/div>\n\n\n\n<div class=\"wp-block-column is-layout-flow wp-block-column-is-layout-flow\" style=\"flex-basis:33.33%\">\n<figure class=\"wp-block-image size-large\"><img loading=\"lazy\" decoding=\"async\" width=\"768\" height=\"1024\" src=\"https:\/\/rehabilitemoscastellon.es\/wp-content\/uploads\/2025\/11\/Image-768x1024.jpg\" alt=\"\" class=\"wp-image-484\"\/><figcaption class=\"wp-element-caption\">Sequiol<\/figcaption><\/figure>\n<\/div>\n<\/div>\n","protected":false},"excerpt":{"rendered":"<p>Las obras del Plan de Barrios \u00a0ya avanzan con fuerza en Castellon.Desde hace varios meses se est\u00e1n llevando a cabo las obras, en los grupos residenciales Cernuda y Velasco, Sequiol y Rafalafena, donde ya se empieza a apreciar la evoluci\u00f3n de los proyectos, aunque todav\u00eda queda mucho por ver. Esta transformaci\u00f3n, fruto del trabajo conjunto [&hellip;]<\/p>\n","protected":false},"author":3,"featured_media":485,"comment_status":"closed","ping_status":"open","sticky":false,"template":"","format":"standard","meta":{"_et_pb_use_builder":"","_et_pb_old_content":"","_et_gb_content_width":"1080","footnotes":""},"categories":[19],"tags":[],"class_list":["post-480","post","type-post","status-publish","format-standard","has-post-thumbnail","hentry","category-noticias_es"],"yoast_head":"<!-- This site is optimized with the Yoast SEO plugin v22.7 - https:\/\/yoast.com\/wordpress\/plugins\/seo\/ -->\n<title>\u00a1Avanzan las obras de rehabilitaci\u00f3n! \ud83c\udfd7\ufe0f\ud83c\udfd8\ufe0f - Rehabilitemos Castell&oacute;n<\/title>\n<meta name=\"robots\" content=\"index, follow, max-snippet:-1, max-image-preview:large, max-video-preview:-1\" \/>\n<link rel=\"canonical\" href=\"https:\/\/rehabilitemoscastellon.es\/index.php\/2025\/11\/04\/avanzan-las-obras-de-rehabilitacion\/\" \/>\n<meta property=\"og:locale\" content=\"es_ES\" \/>\n<meta property=\"og:type\" content=\"article\" \/>\n<meta property=\"og:title\" content=\"\u00a1Avanzan las obras de rehabilitaci\u00f3n! \ud83c\udfd7\ufe0f\ud83c\udfd8\ufe0f - Rehabilitemos Castell&oacute;n\" \/>\n<meta property=\"og:description\" content=\"Las obras del Plan de Barrios \u00a0ya avanzan con fuerza en Castellon.Desde hace varios meses se est\u00e1n llevando a cabo las obras, en los grupos residenciales Cernuda y Velasco, Sequiol y Rafalafena, donde ya se empieza a apreciar la evoluci\u00f3n de los proyectos, aunque todav\u00eda queda mucho por ver. Esta transformaci\u00f3n, fruto del trabajo conjunto [&hellip;]\" \/>\n<meta property=\"og:url\" content=\"https:\/\/rehabilitemoscastellon.es\/index.php\/2025\/11\/04\/avanzan-las-obras-de-rehabilitacion\/\" \/>\n<meta property=\"og:site_name\" content=\"Rehabilitemos Castell&oacute;n\" \/>\n<meta property=\"article:published_time\" content=\"2025-11-04T10:56:13+00:00\" \/>\n<meta property=\"og:image\" content=\"https:\/\/rehabilitemoscastellon.es\/wp-content\/uploads\/2025\/11\/ChatGPT-Image-4-nov-2025-11_53_57.png\" \/>\n\t<meta property=\"og:image:width\" content=\"1536\" \/>\n\t<meta property=\"og:image:height\" content=\"1024\" \/>\n\t<meta property=\"og:image:type\" content=\"image\/png\" \/>\n<meta name=\"author\" content=\"Teresa\" \/>\n<meta name=\"twitter:card\" content=\"summary_large_image\" \/>\n<meta name=\"twitter:label1\" content=\"Escrito por\" \/>\n\t<meta name=\"twitter:data1\" content=\"Teresa\" \/>\n\t<meta name=\"twitter:label2\" content=\"Tiempo de lectura\" \/>\n\t<meta name=\"twitter:data2\" content=\"2 minutos\" \/>\n<script type=\"application\/ld+json\" class=\"yoast-schema-graph\">{\"@context\":\"https:\/\/schema.org\",\"@graph\":[{\"@type\":\"Article\",\"@id\":\"https:\/\/rehabilitemoscastellon.es\/index.php\/2025\/11\/04\/avanzan-las-obras-de-rehabilitacion\/#article\",\"isPartOf\":{\"@id\":\"https:\/\/rehabilitemoscastellon.es\/index.php\/2025\/11\/04\/avanzan-las-obras-de-rehabilitacion\/\"},\"author\":{\"name\":\"Teresa\",\"@id\":\"https:\/\/rehabilitemoscastellon.es\/#\/schema\/person\/5a6eba428a91a9ad40be1d3ef0460b34\"},\"headline\":\"\u00a1Avanzan las obras de rehabilitaci\u00f3n! \ud83c\udfd7\ufe0f\ud83c\udfd8\ufe0f\",\"datePublished\":\"2025-11-04T10:56:13+00:00\",\"dateModified\":\"2025-11-04T10:56:13+00:00\",\"mainEntityOfPage\":{\"@id\":\"https:\/\/rehabilitemoscastellon.es\/index.php\/2025\/11\/04\/avanzan-las-obras-de-rehabilitacion\/\"},\"wordCount\":91,\"publisher\":{\"@id\":\"https:\/\/rehabilitemoscastellon.es\/#organization\"},\"image\":{\"@id\":\"https:\/\/rehabilitemoscastellon.es\/index.php\/2025\/11\/04\/avanzan-las-obras-de-rehabilitacion\/#primaryimage\"},\"thumbnailUrl\":\"https:\/\/rehabilitemoscastellon.es\/wp-content\/uploads\/2025\/11\/ChatGPT-Image-4-nov-2025-11_53_57.png\",\"articleSection\":[\"noticias_es\"],\"inLanguage\":\"es\"},{\"@type\":\"WebPage\",\"@id\":\"https:\/\/rehabilitemoscastellon.es\/index.php\/2025\/11\/04\/avanzan-las-obras-de-rehabilitacion\/\",\"url\":\"https:\/\/rehabilitemoscastellon.es\/index.php\/2025\/11\/04\/avanzan-las-obras-de-rehabilitacion\/\",\"name\":\"\u00a1Avanzan las obras de rehabilitaci\u00f3n! \ud83c\udfd7\ufe0f\ud83c\udfd8\ufe0f - Rehabilitemos Castell&oacute;n\",\"isPartOf\":{\"@id\":\"https:\/\/rehabilitemoscastellon.es\/#website\"},\"primaryImageOfPage\":{\"@id\":\"https:\/\/rehabilitemoscastellon.es\/index.php\/2025\/11\/04\/avanzan-las-obras-de-rehabilitacion\/#primaryimage\"},\"image\":{\"@id\":\"https:\/\/rehabilitemoscastellon.es\/index.php\/2025\/11\/04\/avanzan-las-obras-de-rehabilitacion\/#primaryimage\"},\"thumbnailUrl\":\"https:\/\/rehabilitemoscastellon.es\/wp-content\/uploads\/2025\/11\/ChatGPT-Image-4-nov-2025-11_53_57.png\",\"datePublished\":\"2025-11-04T10:56:13+00:00\",\"dateModified\":\"2025-11-04T10:56:13+00:00\",\"breadcrumb\":{\"@id\":\"https:\/\/rehabilitemoscastellon.es\/index.php\/2025\/11\/04\/avanzan-las-obras-de-rehabilitacion\/#breadcrumb\"},\"inLanguage\":\"es\",\"potentialAction\":[{\"@type\":\"ReadAction\",\"target\":[\"https:\/\/rehabilitemoscastellon.es\/index.php\/2025\/11\/04\/avanzan-las-obras-de-rehabilitacion\/\"]}]},{\"@type\":\"ImageObject\",\"inLanguage\":\"es\",\"@id\":\"https:\/\/rehabilitemoscastellon.es\/index.php\/2025\/11\/04\/avanzan-las-obras-de-rehabilitacion\/#primaryimage\",\"url\":\"https:\/\/rehabilitemoscastellon.es\/wp-content\/uploads\/2025\/11\/ChatGPT-Image-4-nov-2025-11_53_57.png\",\"contentUrl\":\"https:\/\/rehabilitemoscastellon.es\/wp-content\/uploads\/2025\/11\/ChatGPT-Image-4-nov-2025-11_53_57.png\",\"width\":1536,\"height\":1024},{\"@type\":\"BreadcrumbList\",\"@id\":\"https:\/\/rehabilitemoscastellon.es\/index.php\/2025\/11\/04\/avanzan-las-obras-de-rehabilitacion\/#breadcrumb\",\"itemListElement\":[{\"@type\":\"ListItem\",\"position\":1,\"name\":\"Portada\",\"item\":\"https:\/\/rehabilitemoscastellon.es\/\"},{\"@type\":\"ListItem\",\"position\":2,\"name\":\"\u00a1Avanzan las obras de rehabilitaci\u00f3n! \ud83c\udfd7\ufe0f\ud83c\udfd8\ufe0f\"}]},{\"@type\":\"WebSite\",\"@id\":\"https:\/\/rehabilitemoscastellon.es\/#website\",\"url\":\"https:\/\/rehabilitemoscastellon.es\/\",\"name\":\"Rehabilitemos Castell\u00f3n\",\"description\":\"Mejoramos vivienda, edificios y barrios\",\"publisher\":{\"@id\":\"https:\/\/rehabilitemoscastellon.es\/#organization\"},\"potentialAction\":[{\"@type\":\"SearchAction\",\"target\":{\"@type\":\"EntryPoint\",\"urlTemplate\":\"https:\/\/rehabilitemoscastellon.es\/?s={search_term_string}\"},\"query-input\":\"required name=search_term_string\"}],\"inLanguage\":\"es\"},{\"@type\":\"Organization\",\"@id\":\"https:\/\/rehabilitemoscastellon.es\/#organization\",\"name\":\"Rehabilitemos Castell\u00f3n\",\"url\":\"https:\/\/rehabilitemoscastellon.es\/\",\"logo\":{\"@type\":\"ImageObject\",\"inLanguage\":\"es\",\"@id\":\"https:\/\/rehabilitemoscastellon.es\/#\/schema\/logo\/image\/\",\"url\":\"http:\/\/rehabilitemoscastellon.es\/wp-content\/uploads\/2024\/05\/logotipo_color.png\",\"contentUrl\":\"http:\/\/rehabilitemoscastellon.es\/wp-content\/uploads\/2024\/05\/logotipo_color.png\",\"width\":2730,\"height\":1174,\"caption\":\"Rehabilitemos Castell\u00f3n\"},\"image\":{\"@id\":\"https:\/\/rehabilitemoscastellon.es\/#\/schema\/logo\/image\/\"}},{\"@type\":\"Person\",\"@id\":\"https:\/\/rehabilitemoscastellon.es\/#\/schema\/person\/5a6eba428a91a9ad40be1d3ef0460b34\",\"name\":\"Teresa\",\"image\":{\"@type\":\"ImageObject\",\"inLanguage\":\"es\",\"@id\":\"https:\/\/rehabilitemoscastellon.es\/#\/schema\/person\/image\/\",\"url\":\"https:\/\/secure.gravatar.com\/avatar\/b24af50e4c23a9e9a8cc50323a852660a1a5dbf1297f0303851ef9accc16f948?s=96&d=mm&r=g\",\"contentUrl\":\"https:\/\/secure.gravatar.com\/avatar\/b24af50e4c23a9e9a8cc50323a852660a1a5dbf1297f0303851ef9accc16f948?s=96&d=mm&r=g\",\"caption\":\"Teresa\"},\"url\":\"https:\/\/rehabilitemoscastellon.es\/index.php\/author\/teresa\/\"}]}<\/script>\n<!-- \/ Yoast SEO plugin. -->","yoast_head_json":{"title":"\u00a1Avanzan las obras de rehabilitaci\u00f3n! \ud83c\udfd7\ufe0f\ud83c\udfd8\ufe0f - Rehabilitemos Castell&oacute;n","robots":{"index":"index","follow":"follow","max-snippet":"max-snippet:-1","max-image-preview":"max-image-preview:large","max-video-preview":"max-video-preview:-1"},"canonical":"https:\/\/rehabilitemoscastellon.es\/index.php\/2025\/11\/04\/avanzan-las-obras-de-rehabilitacion\/","og_locale":"es_ES","og_type":"article","og_title":"\u00a1Avanzan las obras de rehabilitaci\u00f3n! \ud83c\udfd7\ufe0f\ud83c\udfd8\ufe0f - Rehabilitemos Castell&oacute;n","og_description":"Las obras del Plan de Barrios \u00a0ya avanzan con fuerza en Castellon.Desde hace varios meses se est\u00e1n llevando a cabo las obras, en los grupos residenciales Cernuda y Velasco, Sequiol y Rafalafena, donde ya se empieza a apreciar la evoluci\u00f3n de los proyectos, aunque todav\u00eda queda mucho por ver. Esta transformaci\u00f3n, fruto del trabajo conjunto [&hellip;]","og_url":"https:\/\/rehabilitemoscastellon.es\/index.php\/2025\/11\/04\/avanzan-las-obras-de-rehabilitacion\/","og_site_name":"Rehabilitemos Castell&oacute;n","article_published_time":"2025-11-04T10:56:13+00:00","og_image":[{"width":1536,"height":1024,"url":"https:\/\/rehabilitemoscastellon.es\/wp-content\/uploads\/2025\/11\/ChatGPT-Image-4-nov-2025-11_53_57.png","type":"image\/png"}],"author":"Teresa","twitter_card":"summary_large_image","twitter_misc":{"Escrito por":"Teresa","Tiempo de lectura":"2 minutos"},"schema":{"@context":"https:\/\/schema.org","@graph":[{"@type":"Article","@id":"https:\/\/rehabilitemoscastellon.es\/index.php\/2025\/11\/04\/avanzan-las-obras-de-rehabilitacion\/#article","isPartOf":{"@id":"https:\/\/rehabilitemoscastellon.es\/index.php\/2025\/11\/04\/avanzan-las-obras-de-rehabilitacion\/"},"author":{"name":"Teresa","@id":"https:\/\/rehabilitemoscastellon.es\/#\/schema\/person\/5a6eba428a91a9ad40be1d3ef0460b34"},"headline":"\u00a1Avanzan las obras de rehabilitaci\u00f3n! \ud83c\udfd7\ufe0f\ud83c\udfd8\ufe0f","datePublished":"2025-11-04T10:56:13+00:00","dateModified":"2025-11-04T10:56:13+00:00","mainEntityOfPage":{"@id":"https:\/\/rehabilitemoscastellon.es\/index.php\/2025\/11\/04\/avanzan-las-obras-de-rehabilitacion\/"},"wordCount":91,"publisher":{"@id":"https:\/\/rehabilitemoscastellon.es\/#organization"},"image":{"@id":"https:\/\/rehabilitemoscastellon.es\/index.php\/2025\/11\/04\/avanzan-las-obras-de-rehabilitacion\/#primaryimage"},"thumbnailUrl":"https:\/\/rehabilitemoscastellon.es\/wp-content\/uploads\/2025\/11\/ChatGPT-Image-4-nov-2025-11_53_57.png","articleSection":["noticias_es"],"inLanguage":"es"},{"@type":"WebPage","@id":"https:\/\/rehabilitemoscastellon.es\/index.php\/2025\/11\/04\/avanzan-las-obras-de-rehabilitacion\/","url":"https:\/\/rehabilitemoscastellon.es\/index.php\/2025\/11\/04\/avanzan-las-obras-de-rehabilitacion\/","name":"\u00a1Avanzan las obras de rehabilitaci\u00f3n! \ud83c\udfd7\ufe0f\ud83c\udfd8\ufe0f - Rehabilitemos Castell&oacute;n","isPartOf":{"@id":"https:\/\/rehabilitemoscastellon.es\/#website"},"primaryImageOfPage":{"@id":"https:\/\/rehabilitemoscastellon.es\/index.php\/2025\/11\/04\/avanzan-las-obras-de-rehabilitacion\/#primaryimage"},"image":{"@id":"https:\/\/rehabilitemoscastellon.es\/index.php\/2025\/11\/04\/avanzan-las-obras-de-rehabilitacion\/#primaryimage"},"thumbnailUrl":"https:\/\/rehabilitemoscastellon.es\/wp-content\/uploads\/2025\/11\/ChatGPT-Image-4-nov-2025-11_53_57.png","datePublished":"2025-11-04T10:56:13+00:00","dateModified":"2025-11-04T10:56:13+00:00","breadcrumb":{"@id":"https:\/\/rehabilitemoscastellon.es\/index.php\/2025\/11\/04\/avanzan-las-obras-de-rehabilitacion\/#breadcrumb"},"inLanguage":"es","potentialAction":[{"@type":"ReadAction","target":["https:\/\/rehabilitemoscastellon.es\/index.php\/2025\/11\/04\/avanzan-las-obras-de-rehabilitacion\/"]}]},{"@type":"ImageObject","inLanguage":"es","@id":"https:\/\/rehabilitemoscastellon.es\/index.php\/2025\/11\/04\/avanzan-las-obras-de-rehabilitacion\/#primaryimage","url":"https:\/\/rehabilitemoscastellon.es\/wp-content\/uploads\/2025\/11\/ChatGPT-Image-4-nov-2025-11_53_57.png","contentUrl":"https:\/\/rehabilitemoscastellon.es\/wp-content\/uploads\/2025\/11\/ChatGPT-Image-4-nov-2025-11_53_57.png","width":1536,"height":1024},{"@type":"BreadcrumbList","@id":"https:\/\/rehabilitemoscastellon.es\/index.php\/2025\/11\/04\/avanzan-las-obras-de-rehabilitacion\/#breadcrumb","itemListElement":[{"@type":"ListItem","position":1,"name":"Portada","item":"https:\/\/rehabilitemoscastellon.es\/"},{"@type":"ListItem","position":2,"name":"\u00a1Avanzan las obras de rehabilitaci\u00f3n! \ud83c\udfd7\ufe0f\ud83c\udfd8\ufe0f"}]},{"@type":"WebSite","@id":"https:\/\/rehabilitemoscastellon.es\/#website","url":"https:\/\/rehabilitemoscastellon.es\/","name":"Rehabilitemos Castell\u00f3n","description":"Mejoramos vivienda, edificios y barrios","publisher":{"@id":"https:\/\/rehabilitemoscastellon.es\/#organization"},"potentialAction":[{"@type":"SearchAction","target":{"@type":"EntryPoint","urlTemplate":"https:\/\/rehabilitemoscastellon.es\/?s={search_term_string}"},"query-input":"required name=search_term_string"}],"inLanguage":"es"},{"@type":"Organization","@id":"https:\/\/rehabilitemoscastellon.es\/#organization","name":"Rehabilitemos Castell\u00f3n","url":"https:\/\/rehabilitemoscastellon.es\/","logo":{"@type":"ImageObject","inLanguage":"es","@id":"https:\/\/rehabilitemoscastellon.es\/#\/schema\/logo\/image\/","url":"http:\/\/rehabilitemoscastellon.es\/wp-content\/uploads\/2024\/05\/logotipo_color.png","contentUrl":"http:\/\/rehabilitemoscastellon.es\/wp-content\/uploads\/2024\/05\/logotipo_color.png","width":2730,"height":1174,"caption":"Rehabilitemos Castell\u00f3n"},"image":{"@id":"https:\/\/rehabilitemoscastellon.es\/#\/schema\/logo\/image\/"}},{"@type":"Person","@id":"https:\/\/rehabilitemoscastellon.es\/#\/schema\/person\/5a6eba428a91a9ad40be1d3ef0460b34","name":"Teresa","image":{"@type":"ImageObject","inLanguage":"es","@id":"https:\/\/rehabilitemoscastellon.es\/#\/schema\/person\/image\/","url":"https:\/\/secure.gravatar.com\/avatar\/b24af50e4c23a9e9a8cc50323a852660a1a5dbf1297f0303851ef9accc16f948?s=96&d=mm&r=g","contentUrl":"https:\/\/secure.gravatar.com\/avatar\/b24af50e4c23a9e9a8cc50323a852660a1a5dbf1297f0303851ef9accc16f948?s=96&d=mm&r=g","caption":"Teresa"},"url":"https:\/\/rehabilitemoscastellon.es\/index.php\/author\/teresa\/"}]}},"_links":{"self":[{"href":"https:\/\/rehabilitemoscastellon.es\/index.php\/wp-json\/wp\/v2\/posts\/480","targetHints":{"allow":["GET"]}}],"collection":[{"href":"https:\/\/rehabilitemoscastellon.es\/index.php\/wp-json\/wp\/v2\/posts"}],"about":[{"href":"https:\/\/rehabilitemoscastellon.es\/index.php\/wp-json\/wp\/v2\/types\/post"}],"author":[{"embeddable":true,"href":"https:\/\/rehabilitemoscastellon.es\/index.php\/wp-json\/wp\/v2\/users\/3"}],"replies":[{"embeddable":true,"href":"https:\/\/rehabilitemoscastellon.es\/index.php\/wp-json\/wp\/v2\/comments?post=480"}],"version-history":[{"count":1,"href":"https:\/\/rehabilitemoscastellon.es\/index.php\/wp-json\/wp\/v2\/posts\/480\/revisions"}],"predecessor-version":[{"id":486,"href":"https:\/\/rehabilitemoscastellon.es\/index.php\/wp-json\/wp\/v2\/posts\/480\/revisions\/486"}],"wp:featuredmedia":[{"embeddable":true,"href":"https:\/\/rehabilitemoscastellon.es\/index.php\/wp-json\/wp\/v2\/media\/485"}],"wp:attachment":[{"href":"https:\/\/rehabilitemoscastellon.es\/index.php\/wp-json\/wp\/v2\/media?parent=480"}],"wp:term":[{"taxonomy":"category","embeddable":true,"href":"https:\/\/rehabilitemoscastellon.es\/index.php\/wp-json\/wp\/v2\/categories?post=480"},{"taxonomy":"post_tag","embeddable":true,"href":"https:\/\/rehabilitemoscastellon.es\/index.php\/wp-json\/wp\/v2\/tags?post=480"}],"curies":[{"name":"wp","href":"https:\/\/api.w.org\/{rel}","templated":true}]}}