{"id":462,"date":"2025-09-29T07:39:00","date_gmt":"2025-09-29T07:39:00","guid":{"rendered":"https:\/\/rehabilitemoscastellon.es\/?p=462"},"modified":"2025-09-29T15:46:58","modified_gmt":"2025-09-29T15:46:58","slug":"podem-ajudar-te-estem-aci-per-a-tu","status":"publish","type":"post","link":"https:\/\/rehabilitemoscastellon.es\/index.php\/ca\/2025\/09\/29\/podem-ajudar-te-estem-aci-per-a-tu\/","title":{"rendered":"\ud83e\udd1d Podem ajudar-te? Estem ac\u00ed per a tu"},"content":{"rendered":"\n<p>Volem que els ve\u00efns tinguen tota la informaci\u00f3 a l\u2019alcan\u00e7. Per aix\u00f2, la nostra Oficina T\u00e8cnica est\u00e0 oberta per orientar-te, resoldre dubtes i acompanyar-te en este proc\u00e9s de rehabilitaci\u00f3.<\/p>\n\n\n\n<p>\ud83d\udccd Castell\u00f3 \u2013 c\/ Teneries, 4<\/p>\n\n\n\n<p>Dilluns i dimarts: 10:00-14:00 i 15:00-17:00<br>Dimecres i divendres: 10:00-14:00<br>\ud83d\udccd El Grau de Castell\u00f3 \u2013 c\/ Trafalgar, 13 baix<\/p>\n\n\n\n<p>Dijous: 10:00-14:00 i 15:00-17:00<\/p>\n\n\n\n<p><br>\u2709\ufe0f Si ho prefereixes, pots escriure\u2019ns a: <a href=\"mailto:rehabilitemoscastellon@gmail.com\">rehabilitemoscastellon@gmail.com<\/a><\/p>\n\n\n\n<p>Seguim treballant junts per transformar Castell\u00f3!<\/p>\n","protected":false},"excerpt":{"rendered":"<p>Volem que els ve\u00efns tinguen tota la informaci\u00f3 a l\u2019alcan\u00e7. Per aix\u00f2, la nostra Oficina T\u00e8cnica est\u00e0 oberta per orientar-te, resoldre dubtes i acompanyar-te en este proc\u00e9s de rehabilitaci\u00f3. \ud83d\udccd Castell\u00f3 \u2013 c\/ Teneries, 4 Dilluns i dimarts: 10:00-14:00 i 15:00-17:00Dimecres i divendres: 10:00-14:00\ud83d\udccd El Grau de Castell\u00f3 \u2013 c\/ Trafalgar, 13 baix Dijous: 10:00-14:00 [&hellip;]<\/p>\n","protected":false},"author":3,"featured_media":461,"comment_status":"open","ping_status":"open","sticky":false,"template":"","format":"standard","meta":{"_et_pb_use_builder":"off","_et_pb_old_content":"","_et_gb_content_width":"1080","footnotes":""},"categories":[21],"tags":[],"class_list":["post-462","post","type-post","status-publish","format-standard","has-post-thumbnail","hentry","category-noticies_va"],"yoast_head":"<!-- This site is optimized with the Yoast SEO plugin v22.7 - https:\/\/yoast.com\/wordpress\/plugins\/seo\/ -->\n<title>\ud83e\udd1d Podem ajudar-te? Estem ac\u00ed per a tu - Rehabilitemos Castell&oacute;n<\/title>\n<meta name=\"robots\" content=\"index, follow, max-snippet:-1, max-image-preview:large, max-video-preview:-1\" \/>\n<link rel=\"canonical\" href=\"https:\/\/rehabilitemoscastellon.es\/index.php\/ca\/2025\/09\/29\/podem-ajudar-te-estem-aci-per-a-tu\/\" \/>\n<meta property=\"og:locale\" content=\"es_ES\" \/>\n<meta property=\"og:type\" content=\"article\" \/>\n<meta property=\"og:title\" content=\"\ud83e\udd1d Podem ajudar-te? Estem ac\u00ed per a tu - Rehabilitemos Castell&oacute;n\" \/>\n<meta property=\"og:description\" content=\"Volem que els ve\u00efns tinguen tota la informaci\u00f3 a l\u2019alcan\u00e7. Per aix\u00f2, la nostra Oficina T\u00e8cnica est\u00e0 oberta per orientar-te, resoldre dubtes i acompanyar-te en este proc\u00e9s de rehabilitaci\u00f3. \ud83d\udccd Castell\u00f3 \u2013 c\/ Teneries, 4 Dilluns i dimarts: 10:00-14:00 i 15:00-17:00Dimecres i divendres: 10:00-14:00\ud83d\udccd El Grau de Castell\u00f3 \u2013 c\/ Trafalgar, 13 baix Dijous: 10:00-14:00 [&hellip;]\" \/>\n<meta property=\"og:url\" content=\"https:\/\/rehabilitemoscastellon.es\/index.php\/ca\/2025\/09\/29\/podem-ajudar-te-estem-aci-per-a-tu\/\" \/>\n<meta property=\"og:site_name\" content=\"Rehabilitemos Castell&oacute;n\" \/>\n<meta property=\"article:published_time\" content=\"2025-09-29T07:39:00+00:00\" \/>\n<meta property=\"article:modified_time\" content=\"2025-09-29T15:46:58+00:00\" \/>\n<meta property=\"og:image\" content=\"https:\/\/rehabilitemoscastellon.es\/wp-content\/uploads\/2025\/09\/ChatGPT-Image-29-sept-2025-09_35_36.png\" \/>\n\t<meta property=\"og:image:width\" content=\"1024\" \/>\n\t<meta property=\"og:image:height\" content=\"1024\" \/>\n\t<meta property=\"og:image:type\" content=\"image\/png\" \/>\n<meta name=\"author\" content=\"Teresa\" \/>\n<meta name=\"twitter:card\" content=\"summary_large_image\" \/>\n<meta name=\"twitter:label1\" content=\"Escrito por\" \/>\n\t<meta name=\"twitter:data1\" content=\"Teresa\" \/>\n\t<meta name=\"twitter:label2\" content=\"Tiempo de lectura\" \/>\n\t<meta name=\"twitter:data2\" content=\"1 minuto\" \/>\n<script type=\"application\/ld+json\" class=\"yoast-schema-graph\">{\"@context\":\"https:\/\/schema.org\",\"@graph\":[{\"@type\":\"Article\",\"@id\":\"https:\/\/rehabilitemoscastellon.es\/index.php\/ca\/2025\/09\/29\/podem-ajudar-te-estem-aci-per-a-tu\/#article\",\"isPartOf\":{\"@id\":\"https:\/\/rehabilitemoscastellon.es\/index.php\/ca\/2025\/09\/29\/podem-ajudar-te-estem-aci-per-a-tu\/\"},\"author\":{\"name\":\"Teresa\",\"@id\":\"https:\/\/rehabilitemoscastellon.es\/#\/schema\/person\/5a6eba428a91a9ad40be1d3ef0460b34\"},\"headline\":\"\ud83e\udd1d Podem ajudar-te? Estem ac\u00ed per a tu\",\"datePublished\":\"2025-09-29T07:39:00+00:00\",\"dateModified\":\"2025-09-29T15:46:58+00:00\",\"mainEntityOfPage\":{\"@id\":\"https:\/\/rehabilitemoscastellon.es\/index.php\/ca\/2025\/09\/29\/podem-ajudar-te-estem-aci-per-a-tu\/\"},\"wordCount\":80,\"commentCount\":0,\"publisher\":{\"@id\":\"https:\/\/rehabilitemoscastellon.es\/#organization\"},\"image\":{\"@id\":\"https:\/\/rehabilitemoscastellon.es\/index.php\/ca\/2025\/09\/29\/podem-ajudar-te-estem-aci-per-a-tu\/#primaryimage\"},\"thumbnailUrl\":\"https:\/\/rehabilitemoscastellon.es\/wp-content\/uploads\/2025\/09\/ChatGPT-Image-29-sept-2025-09_35_36.png\",\"articleSection\":[\"not\u00edcies_va\"],\"inLanguage\":\"es\",\"potentialAction\":[{\"@type\":\"CommentAction\",\"name\":\"Comment\",\"target\":[\"https:\/\/rehabilitemoscastellon.es\/index.php\/ca\/2025\/09\/29\/podem-ajudar-te-estem-aci-per-a-tu\/#respond\"]}]},{\"@type\":\"WebPage\",\"@id\":\"https:\/\/rehabilitemoscastellon.es\/index.php\/ca\/2025\/09\/29\/podem-ajudar-te-estem-aci-per-a-tu\/\",\"url\":\"https:\/\/rehabilitemoscastellon.es\/index.php\/ca\/2025\/09\/29\/podem-ajudar-te-estem-aci-per-a-tu\/\",\"name\":\"\ud83e\udd1d Podem ajudar-te? Estem ac\u00ed per a tu - Rehabilitemos Castell&oacute;n\",\"isPartOf\":{\"@id\":\"https:\/\/rehabilitemoscastellon.es\/#website\"},\"primaryImageOfPage\":{\"@id\":\"https:\/\/rehabilitemoscastellon.es\/index.php\/ca\/2025\/09\/29\/podem-ajudar-te-estem-aci-per-a-tu\/#primaryimage\"},\"image\":{\"@id\":\"https:\/\/rehabilitemoscastellon.es\/index.php\/ca\/2025\/09\/29\/podem-ajudar-te-estem-aci-per-a-tu\/#primaryimage\"},\"thumbnailUrl\":\"https:\/\/rehabilitemoscastellon.es\/wp-content\/uploads\/2025\/09\/ChatGPT-Image-29-sept-2025-09_35_36.png\",\"datePublished\":\"2025-09-29T07:39:00+00:00\",\"dateModified\":\"2025-09-29T15:46:58+00:00\",\"breadcrumb\":{\"@id\":\"https:\/\/rehabilitemoscastellon.es\/index.php\/ca\/2025\/09\/29\/podem-ajudar-te-estem-aci-per-a-tu\/#breadcrumb\"},\"inLanguage\":\"es\",\"potentialAction\":[{\"@type\":\"ReadAction\",\"target\":[\"https:\/\/rehabilitemoscastellon.es\/index.php\/ca\/2025\/09\/29\/podem-ajudar-te-estem-aci-per-a-tu\/\"]}]},{\"@type\":\"ImageObject\",\"inLanguage\":\"es\",\"@id\":\"https:\/\/rehabilitemoscastellon.es\/index.php\/ca\/2025\/09\/29\/podem-ajudar-te-estem-aci-per-a-tu\/#primaryimage\",\"url\":\"https:\/\/rehabilitemoscastellon.es\/wp-content\/uploads\/2025\/09\/ChatGPT-Image-29-sept-2025-09_35_36.png\",\"contentUrl\":\"https:\/\/rehabilitemoscastellon.es\/wp-content\/uploads\/2025\/09\/ChatGPT-Image-29-sept-2025-09_35_36.png\",\"width\":1024,\"height\":1024},{\"@type\":\"BreadcrumbList\",\"@id\":\"https:\/\/rehabilitemoscastellon.es\/index.php\/ca\/2025\/09\/29\/podem-ajudar-te-estem-aci-per-a-tu\/#breadcrumb\",\"itemListElement\":[{\"@type\":\"ListItem\",\"position\":1,\"name\":\"Portada\",\"item\":\"https:\/\/rehabilitemoscastellon.es\/\"},{\"@type\":\"ListItem\",\"position\":2,\"name\":\"\ud83e\udd1d Podem ajudar-te? Estem ac\u00ed per a tu\"}]},{\"@type\":\"WebSite\",\"@id\":\"https:\/\/rehabilitemoscastellon.es\/#website\",\"url\":\"https:\/\/rehabilitemoscastellon.es\/\",\"name\":\"Rehabilitemos Castell\u00f3n\",\"description\":\"Mejoramos vivienda, edificios y barrios\",\"publisher\":{\"@id\":\"https:\/\/rehabilitemoscastellon.es\/#organization\"},\"potentialAction\":[{\"@type\":\"SearchAction\",\"target\":{\"@type\":\"EntryPoint\",\"urlTemplate\":\"https:\/\/rehabilitemoscastellon.es\/?s={search_term_string}\"},\"query-input\":\"required name=search_term_string\"}],\"inLanguage\":\"es\"},{\"@type\":\"Organization\",\"@id\":\"https:\/\/rehabilitemoscastellon.es\/#organization\",\"name\":\"Rehabilitemos Castell\u00f3n\",\"url\":\"https:\/\/rehabilitemoscastellon.es\/\",\"logo\":{\"@type\":\"ImageObject\",\"inLanguage\":\"es\",\"@id\":\"https:\/\/rehabilitemoscastellon.es\/#\/schema\/logo\/image\/\",\"url\":\"http:\/\/rehabilitemoscastellon.es\/wp-content\/uploads\/2024\/05\/logotipo_color.png\",\"contentUrl\":\"http:\/\/rehabilitemoscastellon.es\/wp-content\/uploads\/2024\/05\/logotipo_color.png\",\"width\":2730,\"height\":1174,\"caption\":\"Rehabilitemos Castell\u00f3n\"},\"image\":{\"@id\":\"https:\/\/rehabilitemoscastellon.es\/#\/schema\/logo\/image\/\"}},{\"@type\":\"Person\",\"@id\":\"https:\/\/rehabilitemoscastellon.es\/#\/schema\/person\/5a6eba428a91a9ad40be1d3ef0460b34\",\"name\":\"Teresa\",\"image\":{\"@type\":\"ImageObject\",\"inLanguage\":\"es\",\"@id\":\"https:\/\/rehabilitemoscastellon.es\/#\/schema\/person\/image\/\",\"url\":\"https:\/\/secure.gravatar.com\/avatar\/b24af50e4c23a9e9a8cc50323a852660a1a5dbf1297f0303851ef9accc16f948?s=96&d=mm&r=g\",\"contentUrl\":\"https:\/\/secure.gravatar.com\/avatar\/b24af50e4c23a9e9a8cc50323a852660a1a5dbf1297f0303851ef9accc16f948?s=96&d=mm&r=g\",\"caption\":\"Teresa\"},\"url\":\"https:\/\/rehabilitemoscastellon.es\/index.php\/author\/teresa\/\"}]}<\/script>\n<!-- \/ Yoast SEO plugin. -->","yoast_head_json":{"title":"\ud83e\udd1d Podem ajudar-te? Estem ac\u00ed per a tu - Rehabilitemos Castell&oacute;n","robots":{"index":"index","follow":"follow","max-snippet":"max-snippet:-1","max-image-preview":"max-image-preview:large","max-video-preview":"max-video-preview:-1"},"canonical":"https:\/\/rehabilitemoscastellon.es\/index.php\/ca\/2025\/09\/29\/podem-ajudar-te-estem-aci-per-a-tu\/","og_locale":"es_ES","og_type":"article","og_title":"\ud83e\udd1d Podem ajudar-te? Estem ac\u00ed per a tu - Rehabilitemos Castell&oacute;n","og_description":"Volem que els ve\u00efns tinguen tota la informaci\u00f3 a l\u2019alcan\u00e7. Per aix\u00f2, la nostra Oficina T\u00e8cnica est\u00e0 oberta per orientar-te, resoldre dubtes i acompanyar-te en este proc\u00e9s de rehabilitaci\u00f3. \ud83d\udccd Castell\u00f3 \u2013 c\/ Teneries, 4 Dilluns i dimarts: 10:00-14:00 i 15:00-17:00Dimecres i divendres: 10:00-14:00\ud83d\udccd El Grau de Castell\u00f3 \u2013 c\/ Trafalgar, 13 baix Dijous: 10:00-14:00 [&hellip;]","og_url":"https:\/\/rehabilitemoscastellon.es\/index.php\/ca\/2025\/09\/29\/podem-ajudar-te-estem-aci-per-a-tu\/","og_site_name":"Rehabilitemos Castell&oacute;n","article_published_time":"2025-09-29T07:39:00+00:00","article_modified_time":"2025-09-29T15:46:58+00:00","og_image":[{"width":1024,"height":1024,"url":"https:\/\/rehabilitemoscastellon.es\/wp-content\/uploads\/2025\/09\/ChatGPT-Image-29-sept-2025-09_35_36.png","type":"image\/png"}],"author":"Teresa","twitter_card":"summary_large_image","twitter_misc":{"Escrito por":"Teresa","Tiempo de lectura":"1 minuto"},"schema":{"@context":"https:\/\/schema.org","@graph":[{"@type":"Article","@id":"https:\/\/rehabilitemoscastellon.es\/index.php\/ca\/2025\/09\/29\/podem-ajudar-te-estem-aci-per-a-tu\/#article","isPartOf":{"@id":"https:\/\/rehabilitemoscastellon.es\/index.php\/ca\/2025\/09\/29\/podem-ajudar-te-estem-aci-per-a-tu\/"},"author":{"name":"Teresa","@id":"https:\/\/rehabilitemoscastellon.es\/#\/schema\/person\/5a6eba428a91a9ad40be1d3ef0460b34"},"headline":"\ud83e\udd1d Podem ajudar-te? Estem ac\u00ed per a tu","datePublished":"2025-09-29T07:39:00+00:00","dateModified":"2025-09-29T15:46:58+00:00","mainEntityOfPage":{"@id":"https:\/\/rehabilitemoscastellon.es\/index.php\/ca\/2025\/09\/29\/podem-ajudar-te-estem-aci-per-a-tu\/"},"wordCount":80,"commentCount":0,"publisher":{"@id":"https:\/\/rehabilitemoscastellon.es\/#organization"},"image":{"@id":"https:\/\/rehabilitemoscastellon.es\/index.php\/ca\/2025\/09\/29\/podem-ajudar-te-estem-aci-per-a-tu\/#primaryimage"},"thumbnailUrl":"https:\/\/rehabilitemoscastellon.es\/wp-content\/uploads\/2025\/09\/ChatGPT-Image-29-sept-2025-09_35_36.png","articleSection":["not\u00edcies_va"],"inLanguage":"es","potentialAction":[{"@type":"CommentAction","name":"Comment","target":["https:\/\/rehabilitemoscastellon.es\/index.php\/ca\/2025\/09\/29\/podem-ajudar-te-estem-aci-per-a-tu\/#respond"]}]},{"@type":"WebPage","@id":"https:\/\/rehabilitemoscastellon.es\/index.php\/ca\/2025\/09\/29\/podem-ajudar-te-estem-aci-per-a-tu\/","url":"https:\/\/rehabilitemoscastellon.es\/index.php\/ca\/2025\/09\/29\/podem-ajudar-te-estem-aci-per-a-tu\/","name":"\ud83e\udd1d Podem ajudar-te? Estem ac\u00ed per a tu - Rehabilitemos Castell&oacute;n","isPartOf":{"@id":"https:\/\/rehabilitemoscastellon.es\/#website"},"primaryImageOfPage":{"@id":"https:\/\/rehabilitemoscastellon.es\/index.php\/ca\/2025\/09\/29\/podem-ajudar-te-estem-aci-per-a-tu\/#primaryimage"},"image":{"@id":"https:\/\/rehabilitemoscastellon.es\/index.php\/ca\/2025\/09\/29\/podem-ajudar-te-estem-aci-per-a-tu\/#primaryimage"},"thumbnailUrl":"https:\/\/rehabilitemoscastellon.es\/wp-content\/uploads\/2025\/09\/ChatGPT-Image-29-sept-2025-09_35_36.png","datePublished":"2025-09-29T07:39:00+00:00","dateModified":"2025-09-29T15:46:58+00:00","breadcrumb":{"@id":"https:\/\/rehabilitemoscastellon.es\/index.php\/ca\/2025\/09\/29\/podem-ajudar-te-estem-aci-per-a-tu\/#breadcrumb"},"inLanguage":"es","potentialAction":[{"@type":"ReadAction","target":["https:\/\/rehabilitemoscastellon.es\/index.php\/ca\/2025\/09\/29\/podem-ajudar-te-estem-aci-per-a-tu\/"]}]},{"@type":"ImageObject","inLanguage":"es","@id":"https:\/\/rehabilitemoscastellon.es\/index.php\/ca\/2025\/09\/29\/podem-ajudar-te-estem-aci-per-a-tu\/#primaryimage","url":"https:\/\/rehabilitemoscastellon.es\/wp-content\/uploads\/2025\/09\/ChatGPT-Image-29-sept-2025-09_35_36.png","contentUrl":"https:\/\/rehabilitemoscastellon.es\/wp-content\/uploads\/2025\/09\/ChatGPT-Image-29-sept-2025-09_35_36.png","width":1024,"height":1024},{"@type":"BreadcrumbList","@id":"https:\/\/rehabilitemoscastellon.es\/index.php\/ca\/2025\/09\/29\/podem-ajudar-te-estem-aci-per-a-tu\/#breadcrumb","itemListElement":[{"@type":"ListItem","position":1,"name":"Portada","item":"https:\/\/rehabilitemoscastellon.es\/"},{"@type":"ListItem","position":2,"name":"\ud83e\udd1d Podem ajudar-te? Estem ac\u00ed per a tu"}]},{"@type":"WebSite","@id":"https:\/\/rehabilitemoscastellon.es\/#website","url":"https:\/\/rehabilitemoscastellon.es\/","name":"Rehabilitemos Castell\u00f3n","description":"Mejoramos vivienda, edificios y barrios","publisher":{"@id":"https:\/\/rehabilitemoscastellon.es\/#organization"},"potentialAction":[{"@type":"SearchAction","target":{"@type":"EntryPoint","urlTemplate":"https:\/\/rehabilitemoscastellon.es\/?s={search_term_string}"},"query-input":"required name=search_term_string"}],"inLanguage":"es"},{"@type":"Organization","@id":"https:\/\/rehabilitemoscastellon.es\/#organization","name":"Rehabilitemos Castell\u00f3n","url":"https:\/\/rehabilitemoscastellon.es\/","logo":{"@type":"ImageObject","inLanguage":"es","@id":"https:\/\/rehabilitemoscastellon.es\/#\/schema\/logo\/image\/","url":"http:\/\/rehabilitemoscastellon.es\/wp-content\/uploads\/2024\/05\/logotipo_color.png","contentUrl":"http:\/\/rehabilitemoscastellon.es\/wp-content\/uploads\/2024\/05\/logotipo_color.png","width":2730,"height":1174,"caption":"Rehabilitemos Castell\u00f3n"},"image":{"@id":"https:\/\/rehabilitemoscastellon.es\/#\/schema\/logo\/image\/"}},{"@type":"Person","@id":"https:\/\/rehabilitemoscastellon.es\/#\/schema\/person\/5a6eba428a91a9ad40be1d3ef0460b34","name":"Teresa","image":{"@type":"ImageObject","inLanguage":"es","@id":"https:\/\/rehabilitemoscastellon.es\/#\/schema\/person\/image\/","url":"https:\/\/secure.gravatar.com\/avatar\/b24af50e4c23a9e9a8cc50323a852660a1a5dbf1297f0303851ef9accc16f948?s=96&d=mm&r=g","contentUrl":"https:\/\/secure.gravatar.com\/avatar\/b24af50e4c23a9e9a8cc50323a852660a1a5dbf1297f0303851ef9accc16f948?s=96&d=mm&r=g","caption":"Teresa"},"url":"https:\/\/rehabilitemoscastellon.es\/index.php\/author\/teresa\/"}]}},"_links":{"self":[{"href":"https:\/\/rehabilitemoscastellon.es\/index.php\/wp-json\/wp\/v2\/posts\/462","targetHints":{"allow":["GET"]}}],"collection":[{"href":"https:\/\/rehabilitemoscastellon.es\/index.php\/wp-json\/wp\/v2\/posts"}],"about":[{"href":"https:\/\/rehabilitemoscastellon.es\/index.php\/wp-json\/wp\/v2\/types\/post"}],"author":[{"embeddable":true,"href":"https:\/\/rehabilitemoscastellon.es\/index.php\/wp-json\/wp\/v2\/users\/3"}],"replies":[{"embeddable":true,"href":"https:\/\/rehabilitemoscastellon.es\/index.php\/wp-json\/wp\/v2\/comments?post=462"}],"version-history":[{"count":2,"href":"https:\/\/rehabilitemoscastellon.es\/index.php\/wp-json\/wp\/v2\/posts\/462\/revisions"}],"predecessor-version":[{"id":464,"href":"https:\/\/rehabilitemoscastellon.es\/index.php\/wp-json\/wp\/v2\/posts\/462\/revisions\/464"}],"wp:featuredmedia":[{"embeddable":true,"href":"https:\/\/rehabilitemoscastellon.es\/index.php\/wp-json\/wp\/v2\/media\/461"}],"wp:attachment":[{"href":"https:\/\/rehabilitemoscastellon.es\/index.php\/wp-json\/wp\/v2\/media?parent=462"}],"wp:term":[{"taxonomy":"category","embeddable":true,"href":"https:\/\/rehabilitemoscastellon.es\/index.php\/wp-json\/wp\/v2\/categories?post=462"},{"taxonomy":"post_tag","embeddable":true,"href":"https:\/\/rehabilitemoscastellon.es\/index.php\/wp-json\/wp\/v2\/tags?post=462"}],"curies":[{"name":"wp","href":"https:\/\/api.w.org\/{rel}","templated":true}]}}