{"id":460,"date":"2025-09-29T07:43:20","date_gmt":"2025-09-29T07:43:20","guid":{"rendered":"https:\/\/rehabilitemoscastellon.es\/?p=460"},"modified":"2025-09-29T15:46:49","modified_gmt":"2025-09-29T15:46:49","slug":"podemos-ayudarte-estamos-aqui-para-ti","status":"publish","type":"post","link":"https:\/\/rehabilitemoscastellon.es\/index.php\/2025\/09\/29\/podemos-ayudarte-estamos-aqui-para-ti\/","title":{"rendered":"\ud83e\udd1d \u00bfPodemos ayudarte? Estamos aqu\u00ed para ti"},"content":{"rendered":"\n<p>Queremos que los vecinos tengan toda la informaci\u00f3n al alcance. Por eso, nuestra <strong>Oficina T\u00e9cnica<\/strong> est\u00e1 abierta para <strong>orientarte, aclarar dudas y acompa\u00f1arte<\/strong> en este proceso de rehabilitaci\u00f3n.<\/p>\n\n\n\n<p>\ud83d\udccd <strong>Castell\u00f3<\/strong> \u2013 c\/ Tener\u00edas, 4<\/p>\n\n\n\n<ul class=\"wp-block-list\">\n<li>Lunes y martes: 10:00-14:00 y 15:00-17:00<\/li>\n\n\n\n<li>Mi\u00e9rcoles y viernes: 10:00-14:00<\/li>\n<\/ul>\n\n\n\n<p>\ud83d\udccd <strong>El Grao de Castell\u00f3<\/strong> \u2013 c\/ Trafalgar, 13 bajo<\/p>\n\n\n\n<ul class=\"wp-block-list\">\n<li>Jueves: 10:00-14:00 y 15:00-17:00<\/li>\n<\/ul>\n\n\n\n<p>\u2709\ufe0f Si lo prefieres, puedes escribirnos a: <a href=\"http:\/\/rehabilitemoscastell\u00f3n@gmail.com\">rehabilitemoscastellon@gmail.com<\/a><\/p>\n\n\n\n<p>\u00a1Seguimos trabajando juntos para transformar Castell\u00f3n!<\/p>\n","protected":false},"excerpt":{"rendered":"<p>Queremos que los vecinos tengan toda la informaci\u00f3n al alcance. Por eso, nuestra Oficina T\u00e9cnica est\u00e1 abierta para orientarte, aclarar dudas y acompa\u00f1arte en este proceso de rehabilitaci\u00f3n. \ud83d\udccd Castell\u00f3 \u2013 c\/ Tener\u00edas, 4 \ud83d\udccd El Grao de Castell\u00f3 \u2013 c\/ Trafalgar, 13 bajo \u2709\ufe0f Si lo prefieres, puedes escribirnos a: rehabilitemoscastellon@gmail.com \u00a1Seguimos trabajando juntos [&hellip;]<\/p>\n","protected":false},"author":3,"featured_media":461,"comment_status":"open","ping_status":"open","sticky":false,"template":"","format":"standard","meta":{"_et_pb_use_builder":"","_et_pb_old_content":"","_et_gb_content_width":"1080","footnotes":""},"categories":[19],"tags":[],"class_list":["post-460","post","type-post","status-publish","format-standard","has-post-thumbnail","hentry","category-noticias_es"],"yoast_head":"<!-- This site is optimized with the Yoast SEO plugin v22.7 - https:\/\/yoast.com\/wordpress\/plugins\/seo\/ -->\n<title>\ud83e\udd1d \u00bfPodemos ayudarte? Estamos aqu\u00ed para ti - Rehabilitemos Castell&oacute;n<\/title>\n<meta name=\"robots\" content=\"index, follow, max-snippet:-1, max-image-preview:large, max-video-preview:-1\" \/>\n<link rel=\"canonical\" href=\"https:\/\/rehabilitemoscastellon.es\/index.php\/2025\/09\/29\/podemos-ayudarte-estamos-aqui-para-ti\/\" \/>\n<meta property=\"og:locale\" content=\"es_ES\" \/>\n<meta property=\"og:type\" content=\"article\" \/>\n<meta property=\"og:title\" content=\"\ud83e\udd1d \u00bfPodemos ayudarte? Estamos aqu\u00ed para ti - Rehabilitemos Castell&oacute;n\" \/>\n<meta property=\"og:description\" content=\"Queremos que los vecinos tengan toda la informaci\u00f3n al alcance. Por eso, nuestra Oficina T\u00e9cnica est\u00e1 abierta para orientarte, aclarar dudas y acompa\u00f1arte en este proceso de rehabilitaci\u00f3n. \ud83d\udccd Castell\u00f3 \u2013 c\/ Tener\u00edas, 4 \ud83d\udccd El Grao de Castell\u00f3 \u2013 c\/ Trafalgar, 13 bajo \u2709\ufe0f Si lo prefieres, puedes escribirnos a: rehabilitemoscastellon@gmail.com \u00a1Seguimos trabajando juntos [&hellip;]\" \/>\n<meta property=\"og:url\" content=\"https:\/\/rehabilitemoscastellon.es\/index.php\/2025\/09\/29\/podemos-ayudarte-estamos-aqui-para-ti\/\" \/>\n<meta property=\"og:site_name\" content=\"Rehabilitemos Castell&oacute;n\" \/>\n<meta property=\"article:published_time\" content=\"2025-09-29T07:43:20+00:00\" \/>\n<meta property=\"article:modified_time\" content=\"2025-09-29T15:46:49+00:00\" \/>\n<meta property=\"og:image\" content=\"https:\/\/rehabilitemoscastellon.es\/wp-content\/uploads\/2025\/09\/ChatGPT-Image-29-sept-2025-09_35_36.png\" \/>\n\t<meta property=\"og:image:width\" content=\"1024\" \/>\n\t<meta property=\"og:image:height\" content=\"1024\" \/>\n\t<meta property=\"og:image:type\" content=\"image\/png\" \/>\n<meta name=\"author\" content=\"Teresa\" \/>\n<meta name=\"twitter:card\" content=\"summary_large_image\" \/>\n<meta name=\"twitter:label1\" content=\"Escrito por\" \/>\n\t<meta name=\"twitter:data1\" content=\"Teresa\" \/>\n\t<meta name=\"twitter:label2\" content=\"Tiempo de lectura\" \/>\n\t<meta name=\"twitter:data2\" content=\"1 minuto\" \/>\n<script type=\"application\/ld+json\" class=\"yoast-schema-graph\">{\"@context\":\"https:\/\/schema.org\",\"@graph\":[{\"@type\":\"Article\",\"@id\":\"https:\/\/rehabilitemoscastellon.es\/index.php\/2025\/09\/29\/podemos-ayudarte-estamos-aqui-para-ti\/#article\",\"isPartOf\":{\"@id\":\"https:\/\/rehabilitemoscastellon.es\/index.php\/2025\/09\/29\/podemos-ayudarte-estamos-aqui-para-ti\/\"},\"author\":{\"name\":\"Teresa\",\"@id\":\"https:\/\/rehabilitemoscastellon.es\/#\/schema\/person\/5a6eba428a91a9ad40be1d3ef0460b34\"},\"headline\":\"\ud83e\udd1d \u00bfPodemos ayudarte? Estamos aqu\u00ed para ti\",\"datePublished\":\"2025-09-29T07:43:20+00:00\",\"dateModified\":\"2025-09-29T15:46:49+00:00\",\"mainEntityOfPage\":{\"@id\":\"https:\/\/rehabilitemoscastellon.es\/index.php\/2025\/09\/29\/podemos-ayudarte-estamos-aqui-para-ti\/\"},\"wordCount\":80,\"commentCount\":0,\"publisher\":{\"@id\":\"https:\/\/rehabilitemoscastellon.es\/#organization\"},\"image\":{\"@id\":\"https:\/\/rehabilitemoscastellon.es\/index.php\/2025\/09\/29\/podemos-ayudarte-estamos-aqui-para-ti\/#primaryimage\"},\"thumbnailUrl\":\"https:\/\/rehabilitemoscastellon.es\/wp-content\/uploads\/2025\/09\/ChatGPT-Image-29-sept-2025-09_35_36.png\",\"articleSection\":[\"noticias_es\"],\"inLanguage\":\"es\",\"potentialAction\":[{\"@type\":\"CommentAction\",\"name\":\"Comment\",\"target\":[\"https:\/\/rehabilitemoscastellon.es\/index.php\/2025\/09\/29\/podemos-ayudarte-estamos-aqui-para-ti\/#respond\"]}]},{\"@type\":\"WebPage\",\"@id\":\"https:\/\/rehabilitemoscastellon.es\/index.php\/2025\/09\/29\/podemos-ayudarte-estamos-aqui-para-ti\/\",\"url\":\"https:\/\/rehabilitemoscastellon.es\/index.php\/2025\/09\/29\/podemos-ayudarte-estamos-aqui-para-ti\/\",\"name\":\"\ud83e\udd1d \u00bfPodemos ayudarte? Estamos aqu\u00ed para ti - Rehabilitemos Castell&oacute;n\",\"isPartOf\":{\"@id\":\"https:\/\/rehabilitemoscastellon.es\/#website\"},\"primaryImageOfPage\":{\"@id\":\"https:\/\/rehabilitemoscastellon.es\/index.php\/2025\/09\/29\/podemos-ayudarte-estamos-aqui-para-ti\/#primaryimage\"},\"image\":{\"@id\":\"https:\/\/rehabilitemoscastellon.es\/index.php\/2025\/09\/29\/podemos-ayudarte-estamos-aqui-para-ti\/#primaryimage\"},\"thumbnailUrl\":\"https:\/\/rehabilitemoscastellon.es\/wp-content\/uploads\/2025\/09\/ChatGPT-Image-29-sept-2025-09_35_36.png\",\"datePublished\":\"2025-09-29T07:43:20+00:00\",\"dateModified\":\"2025-09-29T15:46:49+00:00\",\"breadcrumb\":{\"@id\":\"https:\/\/rehabilitemoscastellon.es\/index.php\/2025\/09\/29\/podemos-ayudarte-estamos-aqui-para-ti\/#breadcrumb\"},\"inLanguage\":\"es\",\"potentialAction\":[{\"@type\":\"ReadAction\",\"target\":[\"https:\/\/rehabilitemoscastellon.es\/index.php\/2025\/09\/29\/podemos-ayudarte-estamos-aqui-para-ti\/\"]}]},{\"@type\":\"ImageObject\",\"inLanguage\":\"es\",\"@id\":\"https:\/\/rehabilitemoscastellon.es\/index.php\/2025\/09\/29\/podemos-ayudarte-estamos-aqui-para-ti\/#primaryimage\",\"url\":\"https:\/\/rehabilitemoscastellon.es\/wp-content\/uploads\/2025\/09\/ChatGPT-Image-29-sept-2025-09_35_36.png\",\"contentUrl\":\"https:\/\/rehabilitemoscastellon.es\/wp-content\/uploads\/2025\/09\/ChatGPT-Image-29-sept-2025-09_35_36.png\",\"width\":1024,\"height\":1024},{\"@type\":\"BreadcrumbList\",\"@id\":\"https:\/\/rehabilitemoscastellon.es\/index.php\/2025\/09\/29\/podemos-ayudarte-estamos-aqui-para-ti\/#breadcrumb\",\"itemListElement\":[{\"@type\":\"ListItem\",\"position\":1,\"name\":\"Portada\",\"item\":\"https:\/\/rehabilitemoscastellon.es\/\"},{\"@type\":\"ListItem\",\"position\":2,\"name\":\"\ud83e\udd1d \u00bfPodemos ayudarte? Estamos aqu\u00ed para ti\"}]},{\"@type\":\"WebSite\",\"@id\":\"https:\/\/rehabilitemoscastellon.es\/#website\",\"url\":\"https:\/\/rehabilitemoscastellon.es\/\",\"name\":\"Rehabilitemos Castell\u00f3n\",\"description\":\"Mejoramos vivienda, edificios y barrios\",\"publisher\":{\"@id\":\"https:\/\/rehabilitemoscastellon.es\/#organization\"},\"potentialAction\":[{\"@type\":\"SearchAction\",\"target\":{\"@type\":\"EntryPoint\",\"urlTemplate\":\"https:\/\/rehabilitemoscastellon.es\/?s={search_term_string}\"},\"query-input\":\"required name=search_term_string\"}],\"inLanguage\":\"es\"},{\"@type\":\"Organization\",\"@id\":\"https:\/\/rehabilitemoscastellon.es\/#organization\",\"name\":\"Rehabilitemos Castell\u00f3n\",\"url\":\"https:\/\/rehabilitemoscastellon.es\/\",\"logo\":{\"@type\":\"ImageObject\",\"inLanguage\":\"es\",\"@id\":\"https:\/\/rehabilitemoscastellon.es\/#\/schema\/logo\/image\/\",\"url\":\"http:\/\/rehabilitemoscastellon.es\/wp-content\/uploads\/2024\/05\/logotipo_color.png\",\"contentUrl\":\"http:\/\/rehabilitemoscastellon.es\/wp-content\/uploads\/2024\/05\/logotipo_color.png\",\"width\":2730,\"height\":1174,\"caption\":\"Rehabilitemos Castell\u00f3n\"},\"image\":{\"@id\":\"https:\/\/rehabilitemoscastellon.es\/#\/schema\/logo\/image\/\"}},{\"@type\":\"Person\",\"@id\":\"https:\/\/rehabilitemoscastellon.es\/#\/schema\/person\/5a6eba428a91a9ad40be1d3ef0460b34\",\"name\":\"Teresa\",\"image\":{\"@type\":\"ImageObject\",\"inLanguage\":\"es\",\"@id\":\"https:\/\/rehabilitemoscastellon.es\/#\/schema\/person\/image\/\",\"url\":\"https:\/\/secure.gravatar.com\/avatar\/b24af50e4c23a9e9a8cc50323a852660a1a5dbf1297f0303851ef9accc16f948?s=96&d=mm&r=g\",\"contentUrl\":\"https:\/\/secure.gravatar.com\/avatar\/b24af50e4c23a9e9a8cc50323a852660a1a5dbf1297f0303851ef9accc16f948?s=96&d=mm&r=g\",\"caption\":\"Teresa\"},\"url\":\"https:\/\/rehabilitemoscastellon.es\/index.php\/author\/teresa\/\"}]}<\/script>\n<!-- \/ Yoast SEO plugin. -->","yoast_head_json":{"title":"\ud83e\udd1d \u00bfPodemos ayudarte? Estamos aqu\u00ed para ti - Rehabilitemos Castell&oacute;n","robots":{"index":"index","follow":"follow","max-snippet":"max-snippet:-1","max-image-preview":"max-image-preview:large","max-video-preview":"max-video-preview:-1"},"canonical":"https:\/\/rehabilitemoscastellon.es\/index.php\/2025\/09\/29\/podemos-ayudarte-estamos-aqui-para-ti\/","og_locale":"es_ES","og_type":"article","og_title":"\ud83e\udd1d \u00bfPodemos ayudarte? Estamos aqu\u00ed para ti - Rehabilitemos Castell&oacute;n","og_description":"Queremos que los vecinos tengan toda la informaci\u00f3n al alcance. Por eso, nuestra Oficina T\u00e9cnica est\u00e1 abierta para orientarte, aclarar dudas y acompa\u00f1arte en este proceso de rehabilitaci\u00f3n. \ud83d\udccd Castell\u00f3 \u2013 c\/ Tener\u00edas, 4 \ud83d\udccd El Grao de Castell\u00f3 \u2013 c\/ Trafalgar, 13 bajo \u2709\ufe0f Si lo prefieres, puedes escribirnos a: rehabilitemoscastellon@gmail.com \u00a1Seguimos trabajando juntos [&hellip;]","og_url":"https:\/\/rehabilitemoscastellon.es\/index.php\/2025\/09\/29\/podemos-ayudarte-estamos-aqui-para-ti\/","og_site_name":"Rehabilitemos Castell&oacute;n","article_published_time":"2025-09-29T07:43:20+00:00","article_modified_time":"2025-09-29T15:46:49+00:00","og_image":[{"width":1024,"height":1024,"url":"https:\/\/rehabilitemoscastellon.es\/wp-content\/uploads\/2025\/09\/ChatGPT-Image-29-sept-2025-09_35_36.png","type":"image\/png"}],"author":"Teresa","twitter_card":"summary_large_image","twitter_misc":{"Escrito por":"Teresa","Tiempo de lectura":"1 minuto"},"schema":{"@context":"https:\/\/schema.org","@graph":[{"@type":"Article","@id":"https:\/\/rehabilitemoscastellon.es\/index.php\/2025\/09\/29\/podemos-ayudarte-estamos-aqui-para-ti\/#article","isPartOf":{"@id":"https:\/\/rehabilitemoscastellon.es\/index.php\/2025\/09\/29\/podemos-ayudarte-estamos-aqui-para-ti\/"},"author":{"name":"Teresa","@id":"https:\/\/rehabilitemoscastellon.es\/#\/schema\/person\/5a6eba428a91a9ad40be1d3ef0460b34"},"headline":"\ud83e\udd1d \u00bfPodemos ayudarte? Estamos aqu\u00ed para ti","datePublished":"2025-09-29T07:43:20+00:00","dateModified":"2025-09-29T15:46:49+00:00","mainEntityOfPage":{"@id":"https:\/\/rehabilitemoscastellon.es\/index.php\/2025\/09\/29\/podemos-ayudarte-estamos-aqui-para-ti\/"},"wordCount":80,"commentCount":0,"publisher":{"@id":"https:\/\/rehabilitemoscastellon.es\/#organization"},"image":{"@id":"https:\/\/rehabilitemoscastellon.es\/index.php\/2025\/09\/29\/podemos-ayudarte-estamos-aqui-para-ti\/#primaryimage"},"thumbnailUrl":"https:\/\/rehabilitemoscastellon.es\/wp-content\/uploads\/2025\/09\/ChatGPT-Image-29-sept-2025-09_35_36.png","articleSection":["noticias_es"],"inLanguage":"es","potentialAction":[{"@type":"CommentAction","name":"Comment","target":["https:\/\/rehabilitemoscastellon.es\/index.php\/2025\/09\/29\/podemos-ayudarte-estamos-aqui-para-ti\/#respond"]}]},{"@type":"WebPage","@id":"https:\/\/rehabilitemoscastellon.es\/index.php\/2025\/09\/29\/podemos-ayudarte-estamos-aqui-para-ti\/","url":"https:\/\/rehabilitemoscastellon.es\/index.php\/2025\/09\/29\/podemos-ayudarte-estamos-aqui-para-ti\/","name":"\ud83e\udd1d \u00bfPodemos ayudarte? Estamos aqu\u00ed para ti - Rehabilitemos Castell&oacute;n","isPartOf":{"@id":"https:\/\/rehabilitemoscastellon.es\/#website"},"primaryImageOfPage":{"@id":"https:\/\/rehabilitemoscastellon.es\/index.php\/2025\/09\/29\/podemos-ayudarte-estamos-aqui-para-ti\/#primaryimage"},"image":{"@id":"https:\/\/rehabilitemoscastellon.es\/index.php\/2025\/09\/29\/podemos-ayudarte-estamos-aqui-para-ti\/#primaryimage"},"thumbnailUrl":"https:\/\/rehabilitemoscastellon.es\/wp-content\/uploads\/2025\/09\/ChatGPT-Image-29-sept-2025-09_35_36.png","datePublished":"2025-09-29T07:43:20+00:00","dateModified":"2025-09-29T15:46:49+00:00","breadcrumb":{"@id":"https:\/\/rehabilitemoscastellon.es\/index.php\/2025\/09\/29\/podemos-ayudarte-estamos-aqui-para-ti\/#breadcrumb"},"inLanguage":"es","potentialAction":[{"@type":"ReadAction","target":["https:\/\/rehabilitemoscastellon.es\/index.php\/2025\/09\/29\/podemos-ayudarte-estamos-aqui-para-ti\/"]}]},{"@type":"ImageObject","inLanguage":"es","@id":"https:\/\/rehabilitemoscastellon.es\/index.php\/2025\/09\/29\/podemos-ayudarte-estamos-aqui-para-ti\/#primaryimage","url":"https:\/\/rehabilitemoscastellon.es\/wp-content\/uploads\/2025\/09\/ChatGPT-Image-29-sept-2025-09_35_36.png","contentUrl":"https:\/\/rehabilitemoscastellon.es\/wp-content\/uploads\/2025\/09\/ChatGPT-Image-29-sept-2025-09_35_36.png","width":1024,"height":1024},{"@type":"BreadcrumbList","@id":"https:\/\/rehabilitemoscastellon.es\/index.php\/2025\/09\/29\/podemos-ayudarte-estamos-aqui-para-ti\/#breadcrumb","itemListElement":[{"@type":"ListItem","position":1,"name":"Portada","item":"https:\/\/rehabilitemoscastellon.es\/"},{"@type":"ListItem","position":2,"name":"\ud83e\udd1d \u00bfPodemos ayudarte? Estamos aqu\u00ed para ti"}]},{"@type":"WebSite","@id":"https:\/\/rehabilitemoscastellon.es\/#website","url":"https:\/\/rehabilitemoscastellon.es\/","name":"Rehabilitemos Castell\u00f3n","description":"Mejoramos vivienda, edificios y barrios","publisher":{"@id":"https:\/\/rehabilitemoscastellon.es\/#organization"},"potentialAction":[{"@type":"SearchAction","target":{"@type":"EntryPoint","urlTemplate":"https:\/\/rehabilitemoscastellon.es\/?s={search_term_string}"},"query-input":"required name=search_term_string"}],"inLanguage":"es"},{"@type":"Organization","@id":"https:\/\/rehabilitemoscastellon.es\/#organization","name":"Rehabilitemos Castell\u00f3n","url":"https:\/\/rehabilitemoscastellon.es\/","logo":{"@type":"ImageObject","inLanguage":"es","@id":"https:\/\/rehabilitemoscastellon.es\/#\/schema\/logo\/image\/","url":"http:\/\/rehabilitemoscastellon.es\/wp-content\/uploads\/2024\/05\/logotipo_color.png","contentUrl":"http:\/\/rehabilitemoscastellon.es\/wp-content\/uploads\/2024\/05\/logotipo_color.png","width":2730,"height":1174,"caption":"Rehabilitemos Castell\u00f3n"},"image":{"@id":"https:\/\/rehabilitemoscastellon.es\/#\/schema\/logo\/image\/"}},{"@type":"Person","@id":"https:\/\/rehabilitemoscastellon.es\/#\/schema\/person\/5a6eba428a91a9ad40be1d3ef0460b34","name":"Teresa","image":{"@type":"ImageObject","inLanguage":"es","@id":"https:\/\/rehabilitemoscastellon.es\/#\/schema\/person\/image\/","url":"https:\/\/secure.gravatar.com\/avatar\/b24af50e4c23a9e9a8cc50323a852660a1a5dbf1297f0303851ef9accc16f948?s=96&d=mm&r=g","contentUrl":"https:\/\/secure.gravatar.com\/avatar\/b24af50e4c23a9e9a8cc50323a852660a1a5dbf1297f0303851ef9accc16f948?s=96&d=mm&r=g","caption":"Teresa"},"url":"https:\/\/rehabilitemoscastellon.es\/index.php\/author\/teresa\/"}]}},"_links":{"self":[{"href":"https:\/\/rehabilitemoscastellon.es\/index.php\/wp-json\/wp\/v2\/posts\/460","targetHints":{"allow":["GET"]}}],"collection":[{"href":"https:\/\/rehabilitemoscastellon.es\/index.php\/wp-json\/wp\/v2\/posts"}],"about":[{"href":"https:\/\/rehabilitemoscastellon.es\/index.php\/wp-json\/wp\/v2\/types\/post"}],"author":[{"embeddable":true,"href":"https:\/\/rehabilitemoscastellon.es\/index.php\/wp-json\/wp\/v2\/users\/3"}],"replies":[{"embeddable":true,"href":"https:\/\/rehabilitemoscastellon.es\/index.php\/wp-json\/wp\/v2\/comments?post=460"}],"version-history":[{"count":3,"href":"https:\/\/rehabilitemoscastellon.es\/index.php\/wp-json\/wp\/v2\/posts\/460\/revisions"}],"predecessor-version":[{"id":467,"href":"https:\/\/rehabilitemoscastellon.es\/index.php\/wp-json\/wp\/v2\/posts\/460\/revisions\/467"}],"wp:featuredmedia":[{"embeddable":true,"href":"https:\/\/rehabilitemoscastellon.es\/index.php\/wp-json\/wp\/v2\/media\/461"}],"wp:attachment":[{"href":"https:\/\/rehabilitemoscastellon.es\/index.php\/wp-json\/wp\/v2\/media?parent=460"}],"wp:term":[{"taxonomy":"category","embeddable":true,"href":"https:\/\/rehabilitemoscastellon.es\/index.php\/wp-json\/wp\/v2\/categories?post=460"},{"taxonomy":"post_tag","embeddable":true,"href":"https:\/\/rehabilitemoscastellon.es\/index.php\/wp-json\/wp\/v2\/tags?post=460"}],"curies":[{"name":"wp","href":"https:\/\/api.w.org\/{rel}","templated":true}]}}