{"id":437,"date":"2025-09-26T13:08:52","date_gmt":"2025-09-26T13:08:52","guid":{"rendered":"https:\/\/rehabilitemoscastellon.es\/?p=437"},"modified":"2025-09-26T13:34:51","modified_gmt":"2025-09-26T13:34:51","slug":"llum-verda-a-la-rehabilitacio-castello-i-els-veins-signen-el-conveni","status":"publish","type":"post","link":"https:\/\/rehabilitemoscastellon.es\/index.php\/ca\/2025\/09\/26\/llum-verda-a-la-rehabilitacio-castello-i-els-veins-signen-el-conveni\/","title":{"rendered":"Llum verda a la rehabilitaci\u00f3: L&#8217;Ajuntament de Castell\u00f3 i els ve\u00efns signen el conveni \u2705"},"content":{"rendered":"\n<div class=\"wp-block-group is-layout-constrained wp-block-group-is-layout-constrained\">\n<p class=\"has-large-font-size\"><\/p>\n<\/div>\n\n\n\n<p><\/p>\n\n\n\n<p><\/p>\n\n\n\n<div class=\"wp-block-group is-layout-constrained wp-block-group-is-layout-constrained\">\n<p>El passat 27 de juny de 2025 es va fer un pas hist\u00f2ric a la ciutat: l\u2019Ajuntament de Castell\u00f3 i les comunitats de ve\u00efns van signar el conveni que permetr\u00e0 posar en marxa la rehabilitaci\u00f3 de<strong> 576 habitatges.<\/strong><\/p>\n\n\n\n<p>Les actuacions es duran a terme en cinc grups residencials de la ciutat de Castell\u00f3 i el Grau: Rafalafena, Cernuda i Velasco, Sequiol i Mar Mediterran<strong>i<\/strong>.<\/p>\n\n\n\n<p>Amb aquest acord, comen\u00e7a oficialment un projecte que millorar\u00e0 l<strong>\u2019efici\u00e8ncia energ\u00e8tica dels edificis<\/strong> i, sobretot, la qualitat de vida de centenars de fam\u00edlies.<\/p>\n\n\n\n<p>Aquest moment suposa l\u2019inici d\u2019una transformaci\u00f3 que no sols renovar\u00e0 edificis, sin\u00f3 que tamb\u00e9 convertir\u00e0 els nostres barris en espais m\u00e9s confortables, sostenibles i pensats per a les persones.<\/p>\n<\/div>\n","protected":false},"excerpt":{"rendered":"<p>El passat 27 de juny de 2025 es va fer un pas hist\u00f2ric a la ciutat: l\u2019Ajuntament de Castell\u00f3 i les comunitats de ve\u00efns van signar el conveni que permetr\u00e0 posar en marxa la rehabilitaci\u00f3 de 576 habitatges. Les actuacions es duran a terme en cinc grups residencials de la ciutat de Castell\u00f3 i el [&hellip;]<\/p>\n","protected":false},"author":3,"featured_media":452,"comment_status":"open","ping_status":"open","sticky":false,"template":"","format":"standard","meta":{"_et_pb_use_builder":"off","_et_pb_old_content":"","_et_gb_content_width":"1080","footnotes":""},"categories":[21,14],"tags":[],"class_list":["post-437","post","type-post","status-publish","format-standard","has-post-thumbnail","hentry","category-noticies_va","category-sin-categoria-ca"],"yoast_head":"<!-- This site is optimized with the Yoast SEO plugin v22.7 - https:\/\/yoast.com\/wordpress\/plugins\/seo\/ -->\n<title>Llum verda a la rehabilitaci\u00f3: L&#039;Ajuntament de Castell\u00f3 i els ve\u00efns signen el conveni \u2705 - Rehabilitemos Castell&oacute;n<\/title>\n<meta name=\"robots\" content=\"index, follow, max-snippet:-1, max-image-preview:large, max-video-preview:-1\" \/>\n<link rel=\"canonical\" href=\"https:\/\/rehabilitemoscastellon.es\/index.php\/ca\/2025\/09\/26\/llum-verda-a-la-rehabilitacio-castello-i-els-veins-signen-el-conveni\/\" \/>\n<meta property=\"og:locale\" content=\"es_ES\" \/>\n<meta property=\"og:type\" content=\"article\" \/>\n<meta property=\"og:title\" content=\"Llum verda a la rehabilitaci\u00f3: L&#039;Ajuntament de Castell\u00f3 i els ve\u00efns signen el conveni \u2705 - Rehabilitemos Castell&oacute;n\" \/>\n<meta property=\"og:description\" content=\"El passat 27 de juny de 2025 es va fer un pas hist\u00f2ric a la ciutat: l\u2019Ajuntament de Castell\u00f3 i les comunitats de ve\u00efns van signar el conveni que permetr\u00e0 posar en marxa la rehabilitaci\u00f3 de 576 habitatges. Les actuacions es duran a terme en cinc grups residencials de la ciutat de Castell\u00f3 i el [&hellip;]\" \/>\n<meta property=\"og:url\" content=\"https:\/\/rehabilitemoscastellon.es\/index.php\/ca\/2025\/09\/26\/llum-verda-a-la-rehabilitacio-castello-i-els-veins-signen-el-conveni\/\" \/>\n<meta property=\"og:site_name\" content=\"Rehabilitemos Castell&oacute;n\" \/>\n<meta property=\"article:published_time\" content=\"2025-09-26T13:08:52+00:00\" \/>\n<meta property=\"article:modified_time\" content=\"2025-09-26T13:34:51+00:00\" \/>\n<meta property=\"og:image\" content=\"https:\/\/rehabilitemoscastellon.es\/wp-content\/uploads\/2025\/09\/foto-2.jpg\" \/>\n\t<meta property=\"og:image:width\" content=\"1200\" \/>\n\t<meta property=\"og:image:height\" content=\"800\" \/>\n\t<meta property=\"og:image:type\" content=\"image\/jpeg\" \/>\n<meta name=\"author\" content=\"Teresa\" \/>\n<meta name=\"twitter:card\" content=\"summary_large_image\" \/>\n<meta name=\"twitter:label1\" content=\"Escrito por\" \/>\n\t<meta name=\"twitter:data1\" content=\"Teresa\" \/>\n\t<meta name=\"twitter:label2\" content=\"Tiempo de lectura\" \/>\n\t<meta name=\"twitter:data2\" content=\"1 minuto\" \/>\n<script type=\"application\/ld+json\" class=\"yoast-schema-graph\">{\"@context\":\"https:\/\/schema.org\",\"@graph\":[{\"@type\":\"Article\",\"@id\":\"https:\/\/rehabilitemoscastellon.es\/index.php\/ca\/2025\/09\/26\/llum-verda-a-la-rehabilitacio-castello-i-els-veins-signen-el-conveni\/#article\",\"isPartOf\":{\"@id\":\"https:\/\/rehabilitemoscastellon.es\/index.php\/ca\/2025\/09\/26\/llum-verda-a-la-rehabilitacio-castello-i-els-veins-signen-el-conveni\/\"},\"author\":{\"name\":\"Teresa\",\"@id\":\"https:\/\/rehabilitemoscastellon.es\/#\/schema\/person\/5a6eba428a91a9ad40be1d3ef0460b34\"},\"headline\":\"Llum verda a la rehabilitaci\u00f3: L&#8217;Ajuntament de Castell\u00f3 i els ve\u00efns signen el conveni \u2705\",\"datePublished\":\"2025-09-26T13:08:52+00:00\",\"dateModified\":\"2025-09-26T13:34:51+00:00\",\"mainEntityOfPage\":{\"@id\":\"https:\/\/rehabilitemoscastellon.es\/index.php\/ca\/2025\/09\/26\/llum-verda-a-la-rehabilitacio-castello-i-els-veins-signen-el-conveni\/\"},\"wordCount\":140,\"commentCount\":0,\"publisher\":{\"@id\":\"https:\/\/rehabilitemoscastellon.es\/#organization\"},\"image\":{\"@id\":\"https:\/\/rehabilitemoscastellon.es\/index.php\/ca\/2025\/09\/26\/llum-verda-a-la-rehabilitacio-castello-i-els-veins-signen-el-conveni\/#primaryimage\"},\"thumbnailUrl\":\"https:\/\/rehabilitemoscastellon.es\/wp-content\/uploads\/2025\/09\/foto-2.jpg\",\"articleSection\":[\"not\u00edcies_va\"],\"inLanguage\":\"es\",\"potentialAction\":[{\"@type\":\"CommentAction\",\"name\":\"Comment\",\"target\":[\"https:\/\/rehabilitemoscastellon.es\/index.php\/ca\/2025\/09\/26\/llum-verda-a-la-rehabilitacio-castello-i-els-veins-signen-el-conveni\/#respond\"]}]},{\"@type\":\"WebPage\",\"@id\":\"https:\/\/rehabilitemoscastellon.es\/index.php\/ca\/2025\/09\/26\/llum-verda-a-la-rehabilitacio-castello-i-els-veins-signen-el-conveni\/\",\"url\":\"https:\/\/rehabilitemoscastellon.es\/index.php\/ca\/2025\/09\/26\/llum-verda-a-la-rehabilitacio-castello-i-els-veins-signen-el-conveni\/\",\"name\":\"Llum verda a la rehabilitaci\u00f3: L'Ajuntament de Castell\u00f3 i els ve\u00efns signen el conveni \u2705 - Rehabilitemos Castell&oacute;n\",\"isPartOf\":{\"@id\":\"https:\/\/rehabilitemoscastellon.es\/#website\"},\"primaryImageOfPage\":{\"@id\":\"https:\/\/rehabilitemoscastellon.es\/index.php\/ca\/2025\/09\/26\/llum-verda-a-la-rehabilitacio-castello-i-els-veins-signen-el-conveni\/#primaryimage\"},\"image\":{\"@id\":\"https:\/\/rehabilitemoscastellon.es\/index.php\/ca\/2025\/09\/26\/llum-verda-a-la-rehabilitacio-castello-i-els-veins-signen-el-conveni\/#primaryimage\"},\"thumbnailUrl\":\"https:\/\/rehabilitemoscastellon.es\/wp-content\/uploads\/2025\/09\/foto-2.jpg\",\"datePublished\":\"2025-09-26T13:08:52+00:00\",\"dateModified\":\"2025-09-26T13:34:51+00:00\",\"breadcrumb\":{\"@id\":\"https:\/\/rehabilitemoscastellon.es\/index.php\/ca\/2025\/09\/26\/llum-verda-a-la-rehabilitacio-castello-i-els-veins-signen-el-conveni\/#breadcrumb\"},\"inLanguage\":\"es\",\"potentialAction\":[{\"@type\":\"ReadAction\",\"target\":[\"https:\/\/rehabilitemoscastellon.es\/index.php\/ca\/2025\/09\/26\/llum-verda-a-la-rehabilitacio-castello-i-els-veins-signen-el-conveni\/\"]}]},{\"@type\":\"ImageObject\",\"inLanguage\":\"es\",\"@id\":\"https:\/\/rehabilitemoscastellon.es\/index.php\/ca\/2025\/09\/26\/llum-verda-a-la-rehabilitacio-castello-i-els-veins-signen-el-conveni\/#primaryimage\",\"url\":\"https:\/\/rehabilitemoscastellon.es\/wp-content\/uploads\/2025\/09\/foto-2.jpg\",\"contentUrl\":\"https:\/\/rehabilitemoscastellon.es\/wp-content\/uploads\/2025\/09\/foto-2.jpg\",\"width\":1200,\"height\":800},{\"@type\":\"BreadcrumbList\",\"@id\":\"https:\/\/rehabilitemoscastellon.es\/index.php\/ca\/2025\/09\/26\/llum-verda-a-la-rehabilitacio-castello-i-els-veins-signen-el-conveni\/#breadcrumb\",\"itemListElement\":[{\"@type\":\"ListItem\",\"position\":1,\"name\":\"Portada\",\"item\":\"https:\/\/rehabilitemoscastellon.es\/\"},{\"@type\":\"ListItem\",\"position\":2,\"name\":\"Llum verda a la rehabilitaci\u00f3: L&#8217;Ajuntament de Castell\u00f3 i els ve\u00efns signen el conveni \u2705\"}]},{\"@type\":\"WebSite\",\"@id\":\"https:\/\/rehabilitemoscastellon.es\/#website\",\"url\":\"https:\/\/rehabilitemoscastellon.es\/\",\"name\":\"Rehabilitemos Castell\u00f3n\",\"description\":\"Mejoramos vivienda, edificios y barrios\",\"publisher\":{\"@id\":\"https:\/\/rehabilitemoscastellon.es\/#organization\"},\"potentialAction\":[{\"@type\":\"SearchAction\",\"target\":{\"@type\":\"EntryPoint\",\"urlTemplate\":\"https:\/\/rehabilitemoscastellon.es\/?s={search_term_string}\"},\"query-input\":\"required name=search_term_string\"}],\"inLanguage\":\"es\"},{\"@type\":\"Organization\",\"@id\":\"https:\/\/rehabilitemoscastellon.es\/#organization\",\"name\":\"Rehabilitemos Castell\u00f3n\",\"url\":\"https:\/\/rehabilitemoscastellon.es\/\",\"logo\":{\"@type\":\"ImageObject\",\"inLanguage\":\"es\",\"@id\":\"https:\/\/rehabilitemoscastellon.es\/#\/schema\/logo\/image\/\",\"url\":\"http:\/\/rehabilitemoscastellon.es\/wp-content\/uploads\/2024\/05\/logotipo_color.png\",\"contentUrl\":\"http:\/\/rehabilitemoscastellon.es\/wp-content\/uploads\/2024\/05\/logotipo_color.png\",\"width\":2730,\"height\":1174,\"caption\":\"Rehabilitemos Castell\u00f3n\"},\"image\":{\"@id\":\"https:\/\/rehabilitemoscastellon.es\/#\/schema\/logo\/image\/\"}},{\"@type\":\"Person\",\"@id\":\"https:\/\/rehabilitemoscastellon.es\/#\/schema\/person\/5a6eba428a91a9ad40be1d3ef0460b34\",\"name\":\"Teresa\",\"image\":{\"@type\":\"ImageObject\",\"inLanguage\":\"es\",\"@id\":\"https:\/\/rehabilitemoscastellon.es\/#\/schema\/person\/image\/\",\"url\":\"https:\/\/secure.gravatar.com\/avatar\/b24af50e4c23a9e9a8cc50323a852660a1a5dbf1297f0303851ef9accc16f948?s=96&d=mm&r=g\",\"contentUrl\":\"https:\/\/secure.gravatar.com\/avatar\/b24af50e4c23a9e9a8cc50323a852660a1a5dbf1297f0303851ef9accc16f948?s=96&d=mm&r=g\",\"caption\":\"Teresa\"},\"url\":\"https:\/\/rehabilitemoscastellon.es\/index.php\/author\/teresa\/\"}]}<\/script>\n<!-- \/ Yoast SEO plugin. -->","yoast_head_json":{"title":"Llum verda a la rehabilitaci\u00f3: L'Ajuntament de Castell\u00f3 i els ve\u00efns signen el conveni \u2705 - Rehabilitemos Castell&oacute;n","robots":{"index":"index","follow":"follow","max-snippet":"max-snippet:-1","max-image-preview":"max-image-preview:large","max-video-preview":"max-video-preview:-1"},"canonical":"https:\/\/rehabilitemoscastellon.es\/index.php\/ca\/2025\/09\/26\/llum-verda-a-la-rehabilitacio-castello-i-els-veins-signen-el-conveni\/","og_locale":"es_ES","og_type":"article","og_title":"Llum verda a la rehabilitaci\u00f3: L'Ajuntament de Castell\u00f3 i els ve\u00efns signen el conveni \u2705 - Rehabilitemos Castell&oacute;n","og_description":"El passat 27 de juny de 2025 es va fer un pas hist\u00f2ric a la ciutat: l\u2019Ajuntament de Castell\u00f3 i les comunitats de ve\u00efns van signar el conveni que permetr\u00e0 posar en marxa la rehabilitaci\u00f3 de 576 habitatges. Les actuacions es duran a terme en cinc grups residencials de la ciutat de Castell\u00f3 i el [&hellip;]","og_url":"https:\/\/rehabilitemoscastellon.es\/index.php\/ca\/2025\/09\/26\/llum-verda-a-la-rehabilitacio-castello-i-els-veins-signen-el-conveni\/","og_site_name":"Rehabilitemos Castell&oacute;n","article_published_time":"2025-09-26T13:08:52+00:00","article_modified_time":"2025-09-26T13:34:51+00:00","og_image":[{"width":1200,"height":800,"url":"https:\/\/rehabilitemoscastellon.es\/wp-content\/uploads\/2025\/09\/foto-2.jpg","type":"image\/jpeg"}],"author":"Teresa","twitter_card":"summary_large_image","twitter_misc":{"Escrito por":"Teresa","Tiempo de lectura":"1 minuto"},"schema":{"@context":"https:\/\/schema.org","@graph":[{"@type":"Article","@id":"https:\/\/rehabilitemoscastellon.es\/index.php\/ca\/2025\/09\/26\/llum-verda-a-la-rehabilitacio-castello-i-els-veins-signen-el-conveni\/#article","isPartOf":{"@id":"https:\/\/rehabilitemoscastellon.es\/index.php\/ca\/2025\/09\/26\/llum-verda-a-la-rehabilitacio-castello-i-els-veins-signen-el-conveni\/"},"author":{"name":"Teresa","@id":"https:\/\/rehabilitemoscastellon.es\/#\/schema\/person\/5a6eba428a91a9ad40be1d3ef0460b34"},"headline":"Llum verda a la rehabilitaci\u00f3: L&#8217;Ajuntament de Castell\u00f3 i els ve\u00efns signen el conveni \u2705","datePublished":"2025-09-26T13:08:52+00:00","dateModified":"2025-09-26T13:34:51+00:00","mainEntityOfPage":{"@id":"https:\/\/rehabilitemoscastellon.es\/index.php\/ca\/2025\/09\/26\/llum-verda-a-la-rehabilitacio-castello-i-els-veins-signen-el-conveni\/"},"wordCount":140,"commentCount":0,"publisher":{"@id":"https:\/\/rehabilitemoscastellon.es\/#organization"},"image":{"@id":"https:\/\/rehabilitemoscastellon.es\/index.php\/ca\/2025\/09\/26\/llum-verda-a-la-rehabilitacio-castello-i-els-veins-signen-el-conveni\/#primaryimage"},"thumbnailUrl":"https:\/\/rehabilitemoscastellon.es\/wp-content\/uploads\/2025\/09\/foto-2.jpg","articleSection":["not\u00edcies_va"],"inLanguage":"es","potentialAction":[{"@type":"CommentAction","name":"Comment","target":["https:\/\/rehabilitemoscastellon.es\/index.php\/ca\/2025\/09\/26\/llum-verda-a-la-rehabilitacio-castello-i-els-veins-signen-el-conveni\/#respond"]}]},{"@type":"WebPage","@id":"https:\/\/rehabilitemoscastellon.es\/index.php\/ca\/2025\/09\/26\/llum-verda-a-la-rehabilitacio-castello-i-els-veins-signen-el-conveni\/","url":"https:\/\/rehabilitemoscastellon.es\/index.php\/ca\/2025\/09\/26\/llum-verda-a-la-rehabilitacio-castello-i-els-veins-signen-el-conveni\/","name":"Llum verda a la rehabilitaci\u00f3: L'Ajuntament de Castell\u00f3 i els ve\u00efns signen el conveni \u2705 - Rehabilitemos Castell&oacute;n","isPartOf":{"@id":"https:\/\/rehabilitemoscastellon.es\/#website"},"primaryImageOfPage":{"@id":"https:\/\/rehabilitemoscastellon.es\/index.php\/ca\/2025\/09\/26\/llum-verda-a-la-rehabilitacio-castello-i-els-veins-signen-el-conveni\/#primaryimage"},"image":{"@id":"https:\/\/rehabilitemoscastellon.es\/index.php\/ca\/2025\/09\/26\/llum-verda-a-la-rehabilitacio-castello-i-els-veins-signen-el-conveni\/#primaryimage"},"thumbnailUrl":"https:\/\/rehabilitemoscastellon.es\/wp-content\/uploads\/2025\/09\/foto-2.jpg","datePublished":"2025-09-26T13:08:52+00:00","dateModified":"2025-09-26T13:34:51+00:00","breadcrumb":{"@id":"https:\/\/rehabilitemoscastellon.es\/index.php\/ca\/2025\/09\/26\/llum-verda-a-la-rehabilitacio-castello-i-els-veins-signen-el-conveni\/#breadcrumb"},"inLanguage":"es","potentialAction":[{"@type":"ReadAction","target":["https:\/\/rehabilitemoscastellon.es\/index.php\/ca\/2025\/09\/26\/llum-verda-a-la-rehabilitacio-castello-i-els-veins-signen-el-conveni\/"]}]},{"@type":"ImageObject","inLanguage":"es","@id":"https:\/\/rehabilitemoscastellon.es\/index.php\/ca\/2025\/09\/26\/llum-verda-a-la-rehabilitacio-castello-i-els-veins-signen-el-conveni\/#primaryimage","url":"https:\/\/rehabilitemoscastellon.es\/wp-content\/uploads\/2025\/09\/foto-2.jpg","contentUrl":"https:\/\/rehabilitemoscastellon.es\/wp-content\/uploads\/2025\/09\/foto-2.jpg","width":1200,"height":800},{"@type":"BreadcrumbList","@id":"https:\/\/rehabilitemoscastellon.es\/index.php\/ca\/2025\/09\/26\/llum-verda-a-la-rehabilitacio-castello-i-els-veins-signen-el-conveni\/#breadcrumb","itemListElement":[{"@type":"ListItem","position":1,"name":"Portada","item":"https:\/\/rehabilitemoscastellon.es\/"},{"@type":"ListItem","position":2,"name":"Llum verda a la rehabilitaci\u00f3: L&#8217;Ajuntament de Castell\u00f3 i els ve\u00efns signen el conveni \u2705"}]},{"@type":"WebSite","@id":"https:\/\/rehabilitemoscastellon.es\/#website","url":"https:\/\/rehabilitemoscastellon.es\/","name":"Rehabilitemos Castell\u00f3n","description":"Mejoramos vivienda, edificios y barrios","publisher":{"@id":"https:\/\/rehabilitemoscastellon.es\/#organization"},"potentialAction":[{"@type":"SearchAction","target":{"@type":"EntryPoint","urlTemplate":"https:\/\/rehabilitemoscastellon.es\/?s={search_term_string}"},"query-input":"required name=search_term_string"}],"inLanguage":"es"},{"@type":"Organization","@id":"https:\/\/rehabilitemoscastellon.es\/#organization","name":"Rehabilitemos Castell\u00f3n","url":"https:\/\/rehabilitemoscastellon.es\/","logo":{"@type":"ImageObject","inLanguage":"es","@id":"https:\/\/rehabilitemoscastellon.es\/#\/schema\/logo\/image\/","url":"http:\/\/rehabilitemoscastellon.es\/wp-content\/uploads\/2024\/05\/logotipo_color.png","contentUrl":"http:\/\/rehabilitemoscastellon.es\/wp-content\/uploads\/2024\/05\/logotipo_color.png","width":2730,"height":1174,"caption":"Rehabilitemos Castell\u00f3n"},"image":{"@id":"https:\/\/rehabilitemoscastellon.es\/#\/schema\/logo\/image\/"}},{"@type":"Person","@id":"https:\/\/rehabilitemoscastellon.es\/#\/schema\/person\/5a6eba428a91a9ad40be1d3ef0460b34","name":"Teresa","image":{"@type":"ImageObject","inLanguage":"es","@id":"https:\/\/rehabilitemoscastellon.es\/#\/schema\/person\/image\/","url":"https:\/\/secure.gravatar.com\/avatar\/b24af50e4c23a9e9a8cc50323a852660a1a5dbf1297f0303851ef9accc16f948?s=96&d=mm&r=g","contentUrl":"https:\/\/secure.gravatar.com\/avatar\/b24af50e4c23a9e9a8cc50323a852660a1a5dbf1297f0303851ef9accc16f948?s=96&d=mm&r=g","caption":"Teresa"},"url":"https:\/\/rehabilitemoscastellon.es\/index.php\/author\/teresa\/"}]}},"_links":{"self":[{"href":"https:\/\/rehabilitemoscastellon.es\/index.php\/wp-json\/wp\/v2\/posts\/437","targetHints":{"allow":["GET"]}}],"collection":[{"href":"https:\/\/rehabilitemoscastellon.es\/index.php\/wp-json\/wp\/v2\/posts"}],"about":[{"href":"https:\/\/rehabilitemoscastellon.es\/index.php\/wp-json\/wp\/v2\/types\/post"}],"author":[{"embeddable":true,"href":"https:\/\/rehabilitemoscastellon.es\/index.php\/wp-json\/wp\/v2\/users\/3"}],"replies":[{"embeddable":true,"href":"https:\/\/rehabilitemoscastellon.es\/index.php\/wp-json\/wp\/v2\/comments?post=437"}],"version-history":[{"count":9,"href":"https:\/\/rehabilitemoscastellon.es\/index.php\/wp-json\/wp\/v2\/posts\/437\/revisions"}],"predecessor-version":[{"id":459,"href":"https:\/\/rehabilitemoscastellon.es\/index.php\/wp-json\/wp\/v2\/posts\/437\/revisions\/459"}],"wp:featuredmedia":[{"embeddable":true,"href":"https:\/\/rehabilitemoscastellon.es\/index.php\/wp-json\/wp\/v2\/media\/452"}],"wp:attachment":[{"href":"https:\/\/rehabilitemoscastellon.es\/index.php\/wp-json\/wp\/v2\/media?parent=437"}],"wp:term":[{"taxonomy":"category","embeddable":true,"href":"https:\/\/rehabilitemoscastellon.es\/index.php\/wp-json\/wp\/v2\/categories?post=437"},{"taxonomy":"post_tag","embeddable":true,"href":"https:\/\/rehabilitemoscastellon.es\/index.php\/wp-json\/wp\/v2\/tags?post=437"}],"curies":[{"name":"wp","href":"https:\/\/api.w.org\/{rel}","templated":true}]}}