{"id":435,"date":"2025-09-26T13:10:40","date_gmt":"2025-09-26T13:10:40","guid":{"rendered":"https:\/\/rehabilitemoscastellon.es\/?p=435"},"modified":"2025-09-26T13:34:22","modified_gmt":"2025-09-26T13:34:22","slug":"luz-verde-a-la-rehabilitacion-castello-y-los-vecinos-firman-el-convenio","status":"publish","type":"post","link":"https:\/\/rehabilitemoscastellon.es\/index.php\/2025\/09\/26\/luz-verde-a-la-rehabilitacion-castello-y-los-vecinos-firman-el-convenio\/","title":{"rendered":"Luz verde a la rehabilitaci\u00f3n: Ayuntamiento de Castell\u00f3n y los vecinos firman el convenio\u2705"},"content":{"rendered":"\n<p class=\"has-text-align-left has-large-font-size\"><\/p>\n\n\n\n<p><\/p>\n\n\n\n<p>El pasado 27 de junio de 2025 se dio un paso hist\u00f3rico en la ciudad: el Ayuntamiento de Castell\u00f3 y las comunidades de vecinos firmaron el convenio que permitir\u00e1 poner en marcha la rehabilitaci\u00f3n de 576 viviendas.<\/p>\n\n\n\n<p>Las actuaciones se llevar\u00e1n a cabo en cinco grupos residenciales de la ciudad de Castell\u00f3 y el Grau: Rafalafena, Cernuda y Velasco, Sequiol y Mar Mediterr\u00e1neo.<\/p>\n\n\n\n<p>Con este acuerdo, arranca oficialmente un proyecto que mejorar\u00e1 la eficiencia energ\u00e9tica de los edififcios y &nbsp;sobre todo, la calidad de vida de cientos de familias.<\/p>\n\n\n\n<p>Este momento supone el inicio de una transformaci\u00f3n que no solo renovar\u00e1 edificios, sino que tambi\u00e9n har\u00e1 de nuestros barrios espacios m\u00e1s confortables, sostenibles y pensados para las personas.<\/p>\n","protected":false},"excerpt":{"rendered":"<p>El pasado 27 de junio de 2025 se dio un paso hist\u00f3rico en la ciudad: el Ayuntamiento de Castell\u00f3 y las comunidades de vecinos firmaron el convenio que permitir\u00e1 poner en marcha la rehabilitaci\u00f3n de 576 viviendas. Las actuaciones se llevar\u00e1n a cabo en cinco grupos residenciales de la ciudad de Castell\u00f3 y el Grau: [&hellip;]<\/p>\n","protected":false},"author":3,"featured_media":452,"comment_status":"closed","ping_status":"open","sticky":false,"template":"","format":"standard","meta":{"_et_pb_use_builder":"","_et_pb_old_content":"","_et_gb_content_width":"1080","footnotes":""},"categories":[19,1],"tags":[],"class_list":["post-435","post","type-post","status-publish","format-standard","has-post-thumbnail","hentry","category-noticias_es","category-uncategorized"],"yoast_head":"<!-- This site is optimized with the Yoast SEO plugin v22.7 - https:\/\/yoast.com\/wordpress\/plugins\/seo\/ -->\n<title>Luz verde a la rehabilitaci\u00f3n: Ayuntamiento de Castell\u00f3n y los vecinos firman el convenio\u2705 - Rehabilitemos Castell&oacute;n<\/title>\n<meta name=\"robots\" content=\"index, follow, max-snippet:-1, max-image-preview:large, max-video-preview:-1\" \/>\n<link rel=\"canonical\" href=\"https:\/\/rehabilitemoscastellon.es\/index.php\/2025\/09\/26\/luz-verde-a-la-rehabilitacion-castello-y-los-vecinos-firman-el-convenio\/\" \/>\n<meta property=\"og:locale\" content=\"es_ES\" \/>\n<meta property=\"og:type\" content=\"article\" \/>\n<meta property=\"og:title\" content=\"Luz verde a la rehabilitaci\u00f3n: Ayuntamiento de Castell\u00f3n y los vecinos firman el convenio\u2705 - Rehabilitemos Castell&oacute;n\" \/>\n<meta property=\"og:description\" content=\"El pasado 27 de junio de 2025 se dio un paso hist\u00f3rico en la ciudad: el Ayuntamiento de Castell\u00f3 y las comunidades de vecinos firmaron el convenio que permitir\u00e1 poner en marcha la rehabilitaci\u00f3n de 576 viviendas. Las actuaciones se llevar\u00e1n a cabo en cinco grupos residenciales de la ciudad de Castell\u00f3 y el Grau: [&hellip;]\" \/>\n<meta property=\"og:url\" content=\"https:\/\/rehabilitemoscastellon.es\/index.php\/2025\/09\/26\/luz-verde-a-la-rehabilitacion-castello-y-los-vecinos-firman-el-convenio\/\" \/>\n<meta property=\"og:site_name\" content=\"Rehabilitemos Castell&oacute;n\" \/>\n<meta property=\"article:published_time\" content=\"2025-09-26T13:10:40+00:00\" \/>\n<meta property=\"article:modified_time\" content=\"2025-09-26T13:34:22+00:00\" \/>\n<meta property=\"og:image\" content=\"https:\/\/rehabilitemoscastellon.es\/wp-content\/uploads\/2025\/09\/foto-2.jpg\" \/>\n\t<meta property=\"og:image:width\" content=\"1200\" \/>\n\t<meta property=\"og:image:height\" content=\"800\" \/>\n\t<meta property=\"og:image:type\" content=\"image\/jpeg\" \/>\n<meta name=\"author\" content=\"Teresa\" \/>\n<meta name=\"twitter:card\" content=\"summary_large_image\" \/>\n<meta name=\"twitter:label1\" content=\"Escrito por\" \/>\n\t<meta name=\"twitter:data1\" content=\"Teresa\" \/>\n\t<meta name=\"twitter:label2\" content=\"Tiempo de lectura\" \/>\n\t<meta name=\"twitter:data2\" content=\"1 minuto\" \/>\n<script type=\"application\/ld+json\" class=\"yoast-schema-graph\">{\"@context\":\"https:\/\/schema.org\",\"@graph\":[{\"@type\":\"Article\",\"@id\":\"https:\/\/rehabilitemoscastellon.es\/index.php\/2025\/09\/26\/luz-verde-a-la-rehabilitacion-castello-y-los-vecinos-firman-el-convenio\/#article\",\"isPartOf\":{\"@id\":\"https:\/\/rehabilitemoscastellon.es\/index.php\/2025\/09\/26\/luz-verde-a-la-rehabilitacion-castello-y-los-vecinos-firman-el-convenio\/\"},\"author\":{\"name\":\"Teresa\",\"@id\":\"https:\/\/rehabilitemoscastellon.es\/#\/schema\/person\/5a6eba428a91a9ad40be1d3ef0460b34\"},\"headline\":\"Luz verde a la rehabilitaci\u00f3n: Ayuntamiento de Castell\u00f3n y los vecinos firman el convenio\u2705\",\"datePublished\":\"2025-09-26T13:10:40+00:00\",\"dateModified\":\"2025-09-26T13:34:22+00:00\",\"mainEntityOfPage\":{\"@id\":\"https:\/\/rehabilitemoscastellon.es\/index.php\/2025\/09\/26\/luz-verde-a-la-rehabilitacion-castello-y-los-vecinos-firman-el-convenio\/\"},\"wordCount\":140,\"publisher\":{\"@id\":\"https:\/\/rehabilitemoscastellon.es\/#organization\"},\"image\":{\"@id\":\"https:\/\/rehabilitemoscastellon.es\/index.php\/2025\/09\/26\/luz-verde-a-la-rehabilitacion-castello-y-los-vecinos-firman-el-convenio\/#primaryimage\"},\"thumbnailUrl\":\"https:\/\/rehabilitemoscastellon.es\/wp-content\/uploads\/2025\/09\/foto-2.jpg\",\"articleSection\":[\"noticias_es\",\"Uncategorized\"],\"inLanguage\":\"es\"},{\"@type\":\"WebPage\",\"@id\":\"https:\/\/rehabilitemoscastellon.es\/index.php\/2025\/09\/26\/luz-verde-a-la-rehabilitacion-castello-y-los-vecinos-firman-el-convenio\/\",\"url\":\"https:\/\/rehabilitemoscastellon.es\/index.php\/2025\/09\/26\/luz-verde-a-la-rehabilitacion-castello-y-los-vecinos-firman-el-convenio\/\",\"name\":\"Luz verde a la rehabilitaci\u00f3n: Ayuntamiento de Castell\u00f3n y los vecinos firman el convenio\u2705 - Rehabilitemos Castell&oacute;n\",\"isPartOf\":{\"@id\":\"https:\/\/rehabilitemoscastellon.es\/#website\"},\"primaryImageOfPage\":{\"@id\":\"https:\/\/rehabilitemoscastellon.es\/index.php\/2025\/09\/26\/luz-verde-a-la-rehabilitacion-castello-y-los-vecinos-firman-el-convenio\/#primaryimage\"},\"image\":{\"@id\":\"https:\/\/rehabilitemoscastellon.es\/index.php\/2025\/09\/26\/luz-verde-a-la-rehabilitacion-castello-y-los-vecinos-firman-el-convenio\/#primaryimage\"},\"thumbnailUrl\":\"https:\/\/rehabilitemoscastellon.es\/wp-content\/uploads\/2025\/09\/foto-2.jpg\",\"datePublished\":\"2025-09-26T13:10:40+00:00\",\"dateModified\":\"2025-09-26T13:34:22+00:00\",\"breadcrumb\":{\"@id\":\"https:\/\/rehabilitemoscastellon.es\/index.php\/2025\/09\/26\/luz-verde-a-la-rehabilitacion-castello-y-los-vecinos-firman-el-convenio\/#breadcrumb\"},\"inLanguage\":\"es\",\"potentialAction\":[{\"@type\":\"ReadAction\",\"target\":[\"https:\/\/rehabilitemoscastellon.es\/index.php\/2025\/09\/26\/luz-verde-a-la-rehabilitacion-castello-y-los-vecinos-firman-el-convenio\/\"]}]},{\"@type\":\"ImageObject\",\"inLanguage\":\"es\",\"@id\":\"https:\/\/rehabilitemoscastellon.es\/index.php\/2025\/09\/26\/luz-verde-a-la-rehabilitacion-castello-y-los-vecinos-firman-el-convenio\/#primaryimage\",\"url\":\"https:\/\/rehabilitemoscastellon.es\/wp-content\/uploads\/2025\/09\/foto-2.jpg\",\"contentUrl\":\"https:\/\/rehabilitemoscastellon.es\/wp-content\/uploads\/2025\/09\/foto-2.jpg\",\"width\":1200,\"height\":800},{\"@type\":\"BreadcrumbList\",\"@id\":\"https:\/\/rehabilitemoscastellon.es\/index.php\/2025\/09\/26\/luz-verde-a-la-rehabilitacion-castello-y-los-vecinos-firman-el-convenio\/#breadcrumb\",\"itemListElement\":[{\"@type\":\"ListItem\",\"position\":1,\"name\":\"Portada\",\"item\":\"https:\/\/rehabilitemoscastellon.es\/\"},{\"@type\":\"ListItem\",\"position\":2,\"name\":\"Luz verde a la rehabilitaci\u00f3n: Ayuntamiento de Castell\u00f3n y los vecinos firman el convenio\u2705\"}]},{\"@type\":\"WebSite\",\"@id\":\"https:\/\/rehabilitemoscastellon.es\/#website\",\"url\":\"https:\/\/rehabilitemoscastellon.es\/\",\"name\":\"Rehabilitemos Castell\u00f3n\",\"description\":\"Mejoramos vivienda, edificios y barrios\",\"publisher\":{\"@id\":\"https:\/\/rehabilitemoscastellon.es\/#organization\"},\"potentialAction\":[{\"@type\":\"SearchAction\",\"target\":{\"@type\":\"EntryPoint\",\"urlTemplate\":\"https:\/\/rehabilitemoscastellon.es\/?s={search_term_string}\"},\"query-input\":\"required name=search_term_string\"}],\"inLanguage\":\"es\"},{\"@type\":\"Organization\",\"@id\":\"https:\/\/rehabilitemoscastellon.es\/#organization\",\"name\":\"Rehabilitemos Castell\u00f3n\",\"url\":\"https:\/\/rehabilitemoscastellon.es\/\",\"logo\":{\"@type\":\"ImageObject\",\"inLanguage\":\"es\",\"@id\":\"https:\/\/rehabilitemoscastellon.es\/#\/schema\/logo\/image\/\",\"url\":\"http:\/\/rehabilitemoscastellon.es\/wp-content\/uploads\/2024\/05\/logotipo_color.png\",\"contentUrl\":\"http:\/\/rehabilitemoscastellon.es\/wp-content\/uploads\/2024\/05\/logotipo_color.png\",\"width\":2730,\"height\":1174,\"caption\":\"Rehabilitemos Castell\u00f3n\"},\"image\":{\"@id\":\"https:\/\/rehabilitemoscastellon.es\/#\/schema\/logo\/image\/\"}},{\"@type\":\"Person\",\"@id\":\"https:\/\/rehabilitemoscastellon.es\/#\/schema\/person\/5a6eba428a91a9ad40be1d3ef0460b34\",\"name\":\"Teresa\",\"image\":{\"@type\":\"ImageObject\",\"inLanguage\":\"es\",\"@id\":\"https:\/\/rehabilitemoscastellon.es\/#\/schema\/person\/image\/\",\"url\":\"https:\/\/secure.gravatar.com\/avatar\/b24af50e4c23a9e9a8cc50323a852660a1a5dbf1297f0303851ef9accc16f948?s=96&d=mm&r=g\",\"contentUrl\":\"https:\/\/secure.gravatar.com\/avatar\/b24af50e4c23a9e9a8cc50323a852660a1a5dbf1297f0303851ef9accc16f948?s=96&d=mm&r=g\",\"caption\":\"Teresa\"},\"url\":\"https:\/\/rehabilitemoscastellon.es\/index.php\/author\/teresa\/\"}]}<\/script>\n<!-- \/ Yoast SEO plugin. -->","yoast_head_json":{"title":"Luz verde a la rehabilitaci\u00f3n: Ayuntamiento de Castell\u00f3n y los vecinos firman el convenio\u2705 - Rehabilitemos Castell&oacute;n","robots":{"index":"index","follow":"follow","max-snippet":"max-snippet:-1","max-image-preview":"max-image-preview:large","max-video-preview":"max-video-preview:-1"},"canonical":"https:\/\/rehabilitemoscastellon.es\/index.php\/2025\/09\/26\/luz-verde-a-la-rehabilitacion-castello-y-los-vecinos-firman-el-convenio\/","og_locale":"es_ES","og_type":"article","og_title":"Luz verde a la rehabilitaci\u00f3n: Ayuntamiento de Castell\u00f3n y los vecinos firman el convenio\u2705 - Rehabilitemos Castell&oacute;n","og_description":"El pasado 27 de junio de 2025 se dio un paso hist\u00f3rico en la ciudad: el Ayuntamiento de Castell\u00f3 y las comunidades de vecinos firmaron el convenio que permitir\u00e1 poner en marcha la rehabilitaci\u00f3n de 576 viviendas. Las actuaciones se llevar\u00e1n a cabo en cinco grupos residenciales de la ciudad de Castell\u00f3 y el Grau: [&hellip;]","og_url":"https:\/\/rehabilitemoscastellon.es\/index.php\/2025\/09\/26\/luz-verde-a-la-rehabilitacion-castello-y-los-vecinos-firman-el-convenio\/","og_site_name":"Rehabilitemos Castell&oacute;n","article_published_time":"2025-09-26T13:10:40+00:00","article_modified_time":"2025-09-26T13:34:22+00:00","og_image":[{"width":1200,"height":800,"url":"https:\/\/rehabilitemoscastellon.es\/wp-content\/uploads\/2025\/09\/foto-2.jpg","type":"image\/jpeg"}],"author":"Teresa","twitter_card":"summary_large_image","twitter_misc":{"Escrito por":"Teresa","Tiempo de lectura":"1 minuto"},"schema":{"@context":"https:\/\/schema.org","@graph":[{"@type":"Article","@id":"https:\/\/rehabilitemoscastellon.es\/index.php\/2025\/09\/26\/luz-verde-a-la-rehabilitacion-castello-y-los-vecinos-firman-el-convenio\/#article","isPartOf":{"@id":"https:\/\/rehabilitemoscastellon.es\/index.php\/2025\/09\/26\/luz-verde-a-la-rehabilitacion-castello-y-los-vecinos-firman-el-convenio\/"},"author":{"name":"Teresa","@id":"https:\/\/rehabilitemoscastellon.es\/#\/schema\/person\/5a6eba428a91a9ad40be1d3ef0460b34"},"headline":"Luz verde a la rehabilitaci\u00f3n: Ayuntamiento de Castell\u00f3n y los vecinos firman el convenio\u2705","datePublished":"2025-09-26T13:10:40+00:00","dateModified":"2025-09-26T13:34:22+00:00","mainEntityOfPage":{"@id":"https:\/\/rehabilitemoscastellon.es\/index.php\/2025\/09\/26\/luz-verde-a-la-rehabilitacion-castello-y-los-vecinos-firman-el-convenio\/"},"wordCount":140,"publisher":{"@id":"https:\/\/rehabilitemoscastellon.es\/#organization"},"image":{"@id":"https:\/\/rehabilitemoscastellon.es\/index.php\/2025\/09\/26\/luz-verde-a-la-rehabilitacion-castello-y-los-vecinos-firman-el-convenio\/#primaryimage"},"thumbnailUrl":"https:\/\/rehabilitemoscastellon.es\/wp-content\/uploads\/2025\/09\/foto-2.jpg","articleSection":["noticias_es","Uncategorized"],"inLanguage":"es"},{"@type":"WebPage","@id":"https:\/\/rehabilitemoscastellon.es\/index.php\/2025\/09\/26\/luz-verde-a-la-rehabilitacion-castello-y-los-vecinos-firman-el-convenio\/","url":"https:\/\/rehabilitemoscastellon.es\/index.php\/2025\/09\/26\/luz-verde-a-la-rehabilitacion-castello-y-los-vecinos-firman-el-convenio\/","name":"Luz verde a la rehabilitaci\u00f3n: Ayuntamiento de Castell\u00f3n y los vecinos firman el convenio\u2705 - Rehabilitemos Castell&oacute;n","isPartOf":{"@id":"https:\/\/rehabilitemoscastellon.es\/#website"},"primaryImageOfPage":{"@id":"https:\/\/rehabilitemoscastellon.es\/index.php\/2025\/09\/26\/luz-verde-a-la-rehabilitacion-castello-y-los-vecinos-firman-el-convenio\/#primaryimage"},"image":{"@id":"https:\/\/rehabilitemoscastellon.es\/index.php\/2025\/09\/26\/luz-verde-a-la-rehabilitacion-castello-y-los-vecinos-firman-el-convenio\/#primaryimage"},"thumbnailUrl":"https:\/\/rehabilitemoscastellon.es\/wp-content\/uploads\/2025\/09\/foto-2.jpg","datePublished":"2025-09-26T13:10:40+00:00","dateModified":"2025-09-26T13:34:22+00:00","breadcrumb":{"@id":"https:\/\/rehabilitemoscastellon.es\/index.php\/2025\/09\/26\/luz-verde-a-la-rehabilitacion-castello-y-los-vecinos-firman-el-convenio\/#breadcrumb"},"inLanguage":"es","potentialAction":[{"@type":"ReadAction","target":["https:\/\/rehabilitemoscastellon.es\/index.php\/2025\/09\/26\/luz-verde-a-la-rehabilitacion-castello-y-los-vecinos-firman-el-convenio\/"]}]},{"@type":"ImageObject","inLanguage":"es","@id":"https:\/\/rehabilitemoscastellon.es\/index.php\/2025\/09\/26\/luz-verde-a-la-rehabilitacion-castello-y-los-vecinos-firman-el-convenio\/#primaryimage","url":"https:\/\/rehabilitemoscastellon.es\/wp-content\/uploads\/2025\/09\/foto-2.jpg","contentUrl":"https:\/\/rehabilitemoscastellon.es\/wp-content\/uploads\/2025\/09\/foto-2.jpg","width":1200,"height":800},{"@type":"BreadcrumbList","@id":"https:\/\/rehabilitemoscastellon.es\/index.php\/2025\/09\/26\/luz-verde-a-la-rehabilitacion-castello-y-los-vecinos-firman-el-convenio\/#breadcrumb","itemListElement":[{"@type":"ListItem","position":1,"name":"Portada","item":"https:\/\/rehabilitemoscastellon.es\/"},{"@type":"ListItem","position":2,"name":"Luz verde a la rehabilitaci\u00f3n: Ayuntamiento de Castell\u00f3n y los vecinos firman el convenio\u2705"}]},{"@type":"WebSite","@id":"https:\/\/rehabilitemoscastellon.es\/#website","url":"https:\/\/rehabilitemoscastellon.es\/","name":"Rehabilitemos Castell\u00f3n","description":"Mejoramos vivienda, edificios y barrios","publisher":{"@id":"https:\/\/rehabilitemoscastellon.es\/#organization"},"potentialAction":[{"@type":"SearchAction","target":{"@type":"EntryPoint","urlTemplate":"https:\/\/rehabilitemoscastellon.es\/?s={search_term_string}"},"query-input":"required name=search_term_string"}],"inLanguage":"es"},{"@type":"Organization","@id":"https:\/\/rehabilitemoscastellon.es\/#organization","name":"Rehabilitemos Castell\u00f3n","url":"https:\/\/rehabilitemoscastellon.es\/","logo":{"@type":"ImageObject","inLanguage":"es","@id":"https:\/\/rehabilitemoscastellon.es\/#\/schema\/logo\/image\/","url":"http:\/\/rehabilitemoscastellon.es\/wp-content\/uploads\/2024\/05\/logotipo_color.png","contentUrl":"http:\/\/rehabilitemoscastellon.es\/wp-content\/uploads\/2024\/05\/logotipo_color.png","width":2730,"height":1174,"caption":"Rehabilitemos Castell\u00f3n"},"image":{"@id":"https:\/\/rehabilitemoscastellon.es\/#\/schema\/logo\/image\/"}},{"@type":"Person","@id":"https:\/\/rehabilitemoscastellon.es\/#\/schema\/person\/5a6eba428a91a9ad40be1d3ef0460b34","name":"Teresa","image":{"@type":"ImageObject","inLanguage":"es","@id":"https:\/\/rehabilitemoscastellon.es\/#\/schema\/person\/image\/","url":"https:\/\/secure.gravatar.com\/avatar\/b24af50e4c23a9e9a8cc50323a852660a1a5dbf1297f0303851ef9accc16f948?s=96&d=mm&r=g","contentUrl":"https:\/\/secure.gravatar.com\/avatar\/b24af50e4c23a9e9a8cc50323a852660a1a5dbf1297f0303851ef9accc16f948?s=96&d=mm&r=g","caption":"Teresa"},"url":"https:\/\/rehabilitemoscastellon.es\/index.php\/author\/teresa\/"}]}},"_links":{"self":[{"href":"https:\/\/rehabilitemoscastellon.es\/index.php\/wp-json\/wp\/v2\/posts\/435","targetHints":{"allow":["GET"]}}],"collection":[{"href":"https:\/\/rehabilitemoscastellon.es\/index.php\/wp-json\/wp\/v2\/posts"}],"about":[{"href":"https:\/\/rehabilitemoscastellon.es\/index.php\/wp-json\/wp\/v2\/types\/post"}],"author":[{"embeddable":true,"href":"https:\/\/rehabilitemoscastellon.es\/index.php\/wp-json\/wp\/v2\/users\/3"}],"replies":[{"embeddable":true,"href":"https:\/\/rehabilitemoscastellon.es\/index.php\/wp-json\/wp\/v2\/comments?post=435"}],"version-history":[{"count":6,"href":"https:\/\/rehabilitemoscastellon.es\/index.php\/wp-json\/wp\/v2\/posts\/435\/revisions"}],"predecessor-version":[{"id":458,"href":"https:\/\/rehabilitemoscastellon.es\/index.php\/wp-json\/wp\/v2\/posts\/435\/revisions\/458"}],"wp:featuredmedia":[{"embeddable":true,"href":"https:\/\/rehabilitemoscastellon.es\/index.php\/wp-json\/wp\/v2\/media\/452"}],"wp:attachment":[{"href":"https:\/\/rehabilitemoscastellon.es\/index.php\/wp-json\/wp\/v2\/media?parent=435"}],"wp:term":[{"taxonomy":"category","embeddable":true,"href":"https:\/\/rehabilitemoscastellon.es\/index.php\/wp-json\/wp\/v2\/categories?post=435"},{"taxonomy":"post_tag","embeddable":true,"href":"https:\/\/rehabilitemoscastellon.es\/index.php\/wp-json\/wp\/v2\/tags?post=435"}],"curies":[{"name":"wp","href":"https:\/\/api.w.org\/{rel}","templated":true}]}}