{"id":417,"date":"2025-03-04T11:33:24","date_gmt":"2025-03-04T11:33:24","guid":{"rendered":"https:\/\/rehabilitemoscastellon.es\/?p=417"},"modified":"2025-04-09T15:17:16","modified_gmt":"2025-04-09T15:17:16","slug":"proyectos-entregados-rehabilitemos-castellon-sigue-adelante","status":"publish","type":"post","link":"https:\/\/rehabilitemoscastellon.es\/index.php\/2025\/03\/04\/proyectos-entregados-rehabilitemos-castellon-sigue-adelante\/","title":{"rendered":"\u00a1Proyectos entregados! Rehabilitemos Castell\u00f3n sigue adelante"},"content":{"rendered":"\n<p>A finales del mes de febrero, el equipo t\u00e9cnico del proyecto <em>Rehabilitemos Castell\u00f3n<\/em> hizo entrega de los Proyectos B\u00e1sicos y de Ejecuci\u00f3n correspondientes a cada una de las macrocomunidades participantes. Con este importante paso, se cierra la fase de redacci\u00f3n de proyectos, as\u00ed como la etapa de comunicaci\u00f3n e informaci\u00f3n inicial a las comunidades vecinales, en la que se ha explicado en detalle el alcance de las actuaciones.<\/p>\n\n\n\n<p>Con este avance, el proyecto entra en una nueva fase clave: la contrataci\u00f3n de las empresas constructoras que llevar\u00e1n a cabo las obras de rehabilitaci\u00f3n. Actualmente, nos encontramos inmersos en el proceso de licitaci\u00f3n y selecci\u00f3n de las constructoras, con el objetivo de iniciar las obras en los pr\u00f3ximos meses.<\/p>\n\n\n\n<p>Esta fase es fundamental para garantizar que las intervenciones se desarrollen con las m\u00e1ximas garant\u00edas de calidad, cumpliendo tanto los plazos establecidos como los criterios de eficiencia energ\u00e9tica y sostenibilidad que marcan la esencia de <em>Rehabilitemos Castell\u00f3n<\/em>.<\/p>\n\n\n\n<p>Seguiremos informando, \u00a1el proceso avanza!<\/p>\n\n\n","protected":false},"excerpt":{"rendered":"<p>A finales del mes de febrero, el equipo t\u00e9cnico del proyecto Rehabilitemos Castell\u00f3n hizo entrega de los Proyectos B\u00e1sicos y de Ejecuci\u00f3n correspondientes a cada una de las macrocomunidades participantes. Con este importante paso, se cierra la fase de redacci\u00f3n de proyectos, as\u00ed como la etapa de comunicaci\u00f3n e informaci\u00f3n inicial a las comunidades vecinales, [&hellip;]<\/p>\n","protected":false},"author":3,"featured_media":421,"comment_status":"open","ping_status":"open","sticky":false,"template":"","format":"standard","meta":{"_et_pb_use_builder":"off","_et_pb_old_content":"<!-- wp:paragraph -->\n<p>A finales del mes de febrero, el equipo t\u00e9cnico del proyecto <em>Rehabilitemos Castell\u00f3n<\/em> hizo entrega de los Proyectos B\u00e1sicos y de Ejecuci\u00f3n correspondientes a cada una de las macrocomunidades participantes. Con este importante paso, se cierra la fase de redacci\u00f3n de proyectos, as\u00ed como la etapa de comunicaci\u00f3n e informaci\u00f3n inicial a las comunidades vecinales, en la que se ha explicado en detalle el alcance de las actuaciones.<\/p>\n<!-- \/wp:paragraph -->\n\n<!-- wp:paragraph -->\n<p>Con este avance, el proyecto entra en una nueva fase clave: la contrataci\u00f3n de las empresas constructoras que llevar\u00e1n a cabo las obras de rehabilitaci\u00f3n. Actualmente, nos encontramos inmersos en el proceso de licitaci\u00f3n y selecci\u00f3n de las constructoras, con el objetivo de iniciar las obras en los pr\u00f3ximos meses.<\/p>\n<!-- \/wp:paragraph -->\n\n<!-- wp:paragraph -->\n<p>Esta fase es fundamental para garantizar que las intervenciones se desarrollen con las m\u00e1ximas garant\u00edas de calidad, cumpliendo tanto los plazos establecidos como los criterios de eficiencia energ\u00e9tica y sostenibilidad que marcan la esencia de <em>Rehabilitemos Castell\u00f3n<\/em>.<\/p>\n<!-- \/wp:paragraph -->\n\n<!-- wp:paragraph -->\n<p>Seguiremos informando, \u00a1el proceso avanza!<\/p>\n<!-- \/wp:paragraph -->","_et_gb_content_width":"","footnotes":""},"categories":[1],"tags":[],"class_list":["post-417","post","type-post","status-publish","format-standard","has-post-thumbnail","hentry","category-uncategorized"],"yoast_head":"<!-- This site is optimized with the Yoast SEO plugin v22.7 - https:\/\/yoast.com\/wordpress\/plugins\/seo\/ -->\n<title>\u00a1Proyectos entregados! Rehabilitemos Castell\u00f3n sigue adelante - Rehabilitemos Castell&oacute;n<\/title>\n<meta name=\"robots\" content=\"index, follow, max-snippet:-1, max-image-preview:large, max-video-preview:-1\" \/>\n<link rel=\"canonical\" href=\"https:\/\/rehabilitemoscastellon.es\/index.php\/2025\/03\/04\/proyectos-entregados-rehabilitemos-castellon-sigue-adelante\/\" \/>\n<meta property=\"og:locale\" content=\"es_ES\" \/>\n<meta property=\"og:type\" content=\"article\" \/>\n<meta property=\"og:title\" content=\"\u00a1Proyectos entregados! Rehabilitemos Castell\u00f3n sigue adelante - Rehabilitemos Castell&oacute;n\" \/>\n<meta property=\"og:description\" content=\"A finales del mes de febrero, el equipo t\u00e9cnico del proyecto Rehabilitemos Castell\u00f3n hizo entrega de los Proyectos B\u00e1sicos y de Ejecuci\u00f3n correspondientes a cada una de las macrocomunidades participantes. Con este importante paso, se cierra la fase de redacci\u00f3n de proyectos, as\u00ed como la etapa de comunicaci\u00f3n e informaci\u00f3n inicial a las comunidades vecinales, [&hellip;]\" \/>\n<meta property=\"og:url\" content=\"https:\/\/rehabilitemoscastellon.es\/index.php\/2025\/03\/04\/proyectos-entregados-rehabilitemos-castellon-sigue-adelante\/\" \/>\n<meta property=\"og:site_name\" content=\"Rehabilitemos Castell&oacute;n\" \/>\n<meta property=\"article:published_time\" content=\"2025-03-04T11:33:24+00:00\" \/>\n<meta property=\"article:modified_time\" content=\"2025-04-09T15:17:16+00:00\" \/>\n<meta property=\"og:image\" content=\"https:\/\/rehabilitemoscastellon.es\/wp-content\/uploads\/2025\/03\/IMG-20240527-WA0013.jpg\" \/>\n\t<meta property=\"og:image:width\" content=\"1500\" \/>\n\t<meta property=\"og:image:height\" content=\"1296\" \/>\n\t<meta property=\"og:image:type\" content=\"image\/jpeg\" \/>\n<meta name=\"author\" content=\"Teresa\" \/>\n<meta name=\"twitter:card\" content=\"summary_large_image\" \/>\n<meta name=\"twitter:label1\" content=\"Escrito por\" \/>\n\t<meta name=\"twitter:data1\" content=\"Teresa\" \/>\n\t<meta name=\"twitter:label2\" content=\"Tiempo de lectura\" \/>\n\t<meta name=\"twitter:data2\" content=\"2 minutos\" \/>\n<script type=\"application\/ld+json\" class=\"yoast-schema-graph\">{\"@context\":\"https:\/\/schema.org\",\"@graph\":[{\"@type\":\"Article\",\"@id\":\"https:\/\/rehabilitemoscastellon.es\/index.php\/2025\/03\/04\/proyectos-entregados-rehabilitemos-castellon-sigue-adelante\/#article\",\"isPartOf\":{\"@id\":\"https:\/\/rehabilitemoscastellon.es\/index.php\/2025\/03\/04\/proyectos-entregados-rehabilitemos-castellon-sigue-adelante\/\"},\"author\":{\"name\":\"Teresa\",\"@id\":\"https:\/\/rehabilitemoscastellon.es\/#\/schema\/person\/5a6eba428a91a9ad40be1d3ef0460b34\"},\"headline\":\"\u00a1Proyectos entregados! Rehabilitemos Castell\u00f3n sigue adelante\",\"datePublished\":\"2025-03-04T11:33:24+00:00\",\"dateModified\":\"2025-04-09T15:17:16+00:00\",\"mainEntityOfPage\":{\"@id\":\"https:\/\/rehabilitemoscastellon.es\/index.php\/2025\/03\/04\/proyectos-entregados-rehabilitemos-castellon-sigue-adelante\/\"},\"wordCount\":184,\"commentCount\":0,\"publisher\":{\"@id\":\"https:\/\/rehabilitemoscastellon.es\/#organization\"},\"image\":{\"@id\":\"https:\/\/rehabilitemoscastellon.es\/index.php\/2025\/03\/04\/proyectos-entregados-rehabilitemos-castellon-sigue-adelante\/#primaryimage\"},\"thumbnailUrl\":\"https:\/\/rehabilitemoscastellon.es\/wp-content\/uploads\/2025\/03\/IMG-20240527-WA0013.jpg\",\"articleSection\":[\"Uncategorized\"],\"inLanguage\":\"es\",\"potentialAction\":[{\"@type\":\"CommentAction\",\"name\":\"Comment\",\"target\":[\"https:\/\/rehabilitemoscastellon.es\/index.php\/2025\/03\/04\/proyectos-entregados-rehabilitemos-castellon-sigue-adelante\/#respond\"]}]},{\"@type\":\"WebPage\",\"@id\":\"https:\/\/rehabilitemoscastellon.es\/index.php\/2025\/03\/04\/proyectos-entregados-rehabilitemos-castellon-sigue-adelante\/\",\"url\":\"https:\/\/rehabilitemoscastellon.es\/index.php\/2025\/03\/04\/proyectos-entregados-rehabilitemos-castellon-sigue-adelante\/\",\"name\":\"\u00a1Proyectos entregados! Rehabilitemos Castell\u00f3n sigue adelante - Rehabilitemos Castell&oacute;n\",\"isPartOf\":{\"@id\":\"https:\/\/rehabilitemoscastellon.es\/#website\"},\"primaryImageOfPage\":{\"@id\":\"https:\/\/rehabilitemoscastellon.es\/index.php\/2025\/03\/04\/proyectos-entregados-rehabilitemos-castellon-sigue-adelante\/#primaryimage\"},\"image\":{\"@id\":\"https:\/\/rehabilitemoscastellon.es\/index.php\/2025\/03\/04\/proyectos-entregados-rehabilitemos-castellon-sigue-adelante\/#primaryimage\"},\"thumbnailUrl\":\"https:\/\/rehabilitemoscastellon.es\/wp-content\/uploads\/2025\/03\/IMG-20240527-WA0013.jpg\",\"datePublished\":\"2025-03-04T11:33:24+00:00\",\"dateModified\":\"2025-04-09T15:17:16+00:00\",\"breadcrumb\":{\"@id\":\"https:\/\/rehabilitemoscastellon.es\/index.php\/2025\/03\/04\/proyectos-entregados-rehabilitemos-castellon-sigue-adelante\/#breadcrumb\"},\"inLanguage\":\"es\",\"potentialAction\":[{\"@type\":\"ReadAction\",\"target\":[\"https:\/\/rehabilitemoscastellon.es\/index.php\/2025\/03\/04\/proyectos-entregados-rehabilitemos-castellon-sigue-adelante\/\"]}]},{\"@type\":\"ImageObject\",\"inLanguage\":\"es\",\"@id\":\"https:\/\/rehabilitemoscastellon.es\/index.php\/2025\/03\/04\/proyectos-entregados-rehabilitemos-castellon-sigue-adelante\/#primaryimage\",\"url\":\"https:\/\/rehabilitemoscastellon.es\/wp-content\/uploads\/2025\/03\/IMG-20240527-WA0013.jpg\",\"contentUrl\":\"https:\/\/rehabilitemoscastellon.es\/wp-content\/uploads\/2025\/03\/IMG-20240527-WA0013.jpg\",\"width\":1500,\"height\":1296},{\"@type\":\"BreadcrumbList\",\"@id\":\"https:\/\/rehabilitemoscastellon.es\/index.php\/2025\/03\/04\/proyectos-entregados-rehabilitemos-castellon-sigue-adelante\/#breadcrumb\",\"itemListElement\":[{\"@type\":\"ListItem\",\"position\":1,\"name\":\"Portada\",\"item\":\"https:\/\/rehabilitemoscastellon.es\/\"},{\"@type\":\"ListItem\",\"position\":2,\"name\":\"\u00a1Proyectos entregados! Rehabilitemos Castell\u00f3n sigue adelante\"}]},{\"@type\":\"WebSite\",\"@id\":\"https:\/\/rehabilitemoscastellon.es\/#website\",\"url\":\"https:\/\/rehabilitemoscastellon.es\/\",\"name\":\"Rehabilitemos Castell\u00f3n\",\"description\":\"Mejoramos vivienda, edificios y barrios\",\"publisher\":{\"@id\":\"https:\/\/rehabilitemoscastellon.es\/#organization\"},\"potentialAction\":[{\"@type\":\"SearchAction\",\"target\":{\"@type\":\"EntryPoint\",\"urlTemplate\":\"https:\/\/rehabilitemoscastellon.es\/?s={search_term_string}\"},\"query-input\":\"required name=search_term_string\"}],\"inLanguage\":\"es\"},{\"@type\":\"Organization\",\"@id\":\"https:\/\/rehabilitemoscastellon.es\/#organization\",\"name\":\"Rehabilitemos Castell\u00f3n\",\"url\":\"https:\/\/rehabilitemoscastellon.es\/\",\"logo\":{\"@type\":\"ImageObject\",\"inLanguage\":\"es\",\"@id\":\"https:\/\/rehabilitemoscastellon.es\/#\/schema\/logo\/image\/\",\"url\":\"http:\/\/rehabilitemoscastellon.es\/wp-content\/uploads\/2024\/05\/logotipo_color.png\",\"contentUrl\":\"http:\/\/rehabilitemoscastellon.es\/wp-content\/uploads\/2024\/05\/logotipo_color.png\",\"width\":2730,\"height\":1174,\"caption\":\"Rehabilitemos Castell\u00f3n\"},\"image\":{\"@id\":\"https:\/\/rehabilitemoscastellon.es\/#\/schema\/logo\/image\/\"}},{\"@type\":\"Person\",\"@id\":\"https:\/\/rehabilitemoscastellon.es\/#\/schema\/person\/5a6eba428a91a9ad40be1d3ef0460b34\",\"name\":\"Teresa\",\"image\":{\"@type\":\"ImageObject\",\"inLanguage\":\"es\",\"@id\":\"https:\/\/rehabilitemoscastellon.es\/#\/schema\/person\/image\/\",\"url\":\"https:\/\/secure.gravatar.com\/avatar\/b24af50e4c23a9e9a8cc50323a852660a1a5dbf1297f0303851ef9accc16f948?s=96&d=mm&r=g\",\"contentUrl\":\"https:\/\/secure.gravatar.com\/avatar\/b24af50e4c23a9e9a8cc50323a852660a1a5dbf1297f0303851ef9accc16f948?s=96&d=mm&r=g\",\"caption\":\"Teresa\"},\"url\":\"https:\/\/rehabilitemoscastellon.es\/index.php\/author\/teresa\/\"}]}<\/script>\n<!-- \/ Yoast SEO plugin. -->","yoast_head_json":{"title":"\u00a1Proyectos entregados! Rehabilitemos Castell\u00f3n sigue adelante - Rehabilitemos Castell&oacute;n","robots":{"index":"index","follow":"follow","max-snippet":"max-snippet:-1","max-image-preview":"max-image-preview:large","max-video-preview":"max-video-preview:-1"},"canonical":"https:\/\/rehabilitemoscastellon.es\/index.php\/2025\/03\/04\/proyectos-entregados-rehabilitemos-castellon-sigue-adelante\/","og_locale":"es_ES","og_type":"article","og_title":"\u00a1Proyectos entregados! Rehabilitemos Castell\u00f3n sigue adelante - Rehabilitemos Castell&oacute;n","og_description":"A finales del mes de febrero, el equipo t\u00e9cnico del proyecto Rehabilitemos Castell\u00f3n hizo entrega de los Proyectos B\u00e1sicos y de Ejecuci\u00f3n correspondientes a cada una de las macrocomunidades participantes. Con este importante paso, se cierra la fase de redacci\u00f3n de proyectos, as\u00ed como la etapa de comunicaci\u00f3n e informaci\u00f3n inicial a las comunidades vecinales, [&hellip;]","og_url":"https:\/\/rehabilitemoscastellon.es\/index.php\/2025\/03\/04\/proyectos-entregados-rehabilitemos-castellon-sigue-adelante\/","og_site_name":"Rehabilitemos Castell&oacute;n","article_published_time":"2025-03-04T11:33:24+00:00","article_modified_time":"2025-04-09T15:17:16+00:00","og_image":[{"width":1500,"height":1296,"url":"https:\/\/rehabilitemoscastellon.es\/wp-content\/uploads\/2025\/03\/IMG-20240527-WA0013.jpg","type":"image\/jpeg"}],"author":"Teresa","twitter_card":"summary_large_image","twitter_misc":{"Escrito por":"Teresa","Tiempo de lectura":"2 minutos"},"schema":{"@context":"https:\/\/schema.org","@graph":[{"@type":"Article","@id":"https:\/\/rehabilitemoscastellon.es\/index.php\/2025\/03\/04\/proyectos-entregados-rehabilitemos-castellon-sigue-adelante\/#article","isPartOf":{"@id":"https:\/\/rehabilitemoscastellon.es\/index.php\/2025\/03\/04\/proyectos-entregados-rehabilitemos-castellon-sigue-adelante\/"},"author":{"name":"Teresa","@id":"https:\/\/rehabilitemoscastellon.es\/#\/schema\/person\/5a6eba428a91a9ad40be1d3ef0460b34"},"headline":"\u00a1Proyectos entregados! Rehabilitemos Castell\u00f3n sigue adelante","datePublished":"2025-03-04T11:33:24+00:00","dateModified":"2025-04-09T15:17:16+00:00","mainEntityOfPage":{"@id":"https:\/\/rehabilitemoscastellon.es\/index.php\/2025\/03\/04\/proyectos-entregados-rehabilitemos-castellon-sigue-adelante\/"},"wordCount":184,"commentCount":0,"publisher":{"@id":"https:\/\/rehabilitemoscastellon.es\/#organization"},"image":{"@id":"https:\/\/rehabilitemoscastellon.es\/index.php\/2025\/03\/04\/proyectos-entregados-rehabilitemos-castellon-sigue-adelante\/#primaryimage"},"thumbnailUrl":"https:\/\/rehabilitemoscastellon.es\/wp-content\/uploads\/2025\/03\/IMG-20240527-WA0013.jpg","articleSection":["Uncategorized"],"inLanguage":"es","potentialAction":[{"@type":"CommentAction","name":"Comment","target":["https:\/\/rehabilitemoscastellon.es\/index.php\/2025\/03\/04\/proyectos-entregados-rehabilitemos-castellon-sigue-adelante\/#respond"]}]},{"@type":"WebPage","@id":"https:\/\/rehabilitemoscastellon.es\/index.php\/2025\/03\/04\/proyectos-entregados-rehabilitemos-castellon-sigue-adelante\/","url":"https:\/\/rehabilitemoscastellon.es\/index.php\/2025\/03\/04\/proyectos-entregados-rehabilitemos-castellon-sigue-adelante\/","name":"\u00a1Proyectos entregados! Rehabilitemos Castell\u00f3n sigue adelante - Rehabilitemos Castell&oacute;n","isPartOf":{"@id":"https:\/\/rehabilitemoscastellon.es\/#website"},"primaryImageOfPage":{"@id":"https:\/\/rehabilitemoscastellon.es\/index.php\/2025\/03\/04\/proyectos-entregados-rehabilitemos-castellon-sigue-adelante\/#primaryimage"},"image":{"@id":"https:\/\/rehabilitemoscastellon.es\/index.php\/2025\/03\/04\/proyectos-entregados-rehabilitemos-castellon-sigue-adelante\/#primaryimage"},"thumbnailUrl":"https:\/\/rehabilitemoscastellon.es\/wp-content\/uploads\/2025\/03\/IMG-20240527-WA0013.jpg","datePublished":"2025-03-04T11:33:24+00:00","dateModified":"2025-04-09T15:17:16+00:00","breadcrumb":{"@id":"https:\/\/rehabilitemoscastellon.es\/index.php\/2025\/03\/04\/proyectos-entregados-rehabilitemos-castellon-sigue-adelante\/#breadcrumb"},"inLanguage":"es","potentialAction":[{"@type":"ReadAction","target":["https:\/\/rehabilitemoscastellon.es\/index.php\/2025\/03\/04\/proyectos-entregados-rehabilitemos-castellon-sigue-adelante\/"]}]},{"@type":"ImageObject","inLanguage":"es","@id":"https:\/\/rehabilitemoscastellon.es\/index.php\/2025\/03\/04\/proyectos-entregados-rehabilitemos-castellon-sigue-adelante\/#primaryimage","url":"https:\/\/rehabilitemoscastellon.es\/wp-content\/uploads\/2025\/03\/IMG-20240527-WA0013.jpg","contentUrl":"https:\/\/rehabilitemoscastellon.es\/wp-content\/uploads\/2025\/03\/IMG-20240527-WA0013.jpg","width":1500,"height":1296},{"@type":"BreadcrumbList","@id":"https:\/\/rehabilitemoscastellon.es\/index.php\/2025\/03\/04\/proyectos-entregados-rehabilitemos-castellon-sigue-adelante\/#breadcrumb","itemListElement":[{"@type":"ListItem","position":1,"name":"Portada","item":"https:\/\/rehabilitemoscastellon.es\/"},{"@type":"ListItem","position":2,"name":"\u00a1Proyectos entregados! Rehabilitemos Castell\u00f3n sigue adelante"}]},{"@type":"WebSite","@id":"https:\/\/rehabilitemoscastellon.es\/#website","url":"https:\/\/rehabilitemoscastellon.es\/","name":"Rehabilitemos Castell\u00f3n","description":"Mejoramos vivienda, edificios y barrios","publisher":{"@id":"https:\/\/rehabilitemoscastellon.es\/#organization"},"potentialAction":[{"@type":"SearchAction","target":{"@type":"EntryPoint","urlTemplate":"https:\/\/rehabilitemoscastellon.es\/?s={search_term_string}"},"query-input":"required name=search_term_string"}],"inLanguage":"es"},{"@type":"Organization","@id":"https:\/\/rehabilitemoscastellon.es\/#organization","name":"Rehabilitemos Castell\u00f3n","url":"https:\/\/rehabilitemoscastellon.es\/","logo":{"@type":"ImageObject","inLanguage":"es","@id":"https:\/\/rehabilitemoscastellon.es\/#\/schema\/logo\/image\/","url":"http:\/\/rehabilitemoscastellon.es\/wp-content\/uploads\/2024\/05\/logotipo_color.png","contentUrl":"http:\/\/rehabilitemoscastellon.es\/wp-content\/uploads\/2024\/05\/logotipo_color.png","width":2730,"height":1174,"caption":"Rehabilitemos Castell\u00f3n"},"image":{"@id":"https:\/\/rehabilitemoscastellon.es\/#\/schema\/logo\/image\/"}},{"@type":"Person","@id":"https:\/\/rehabilitemoscastellon.es\/#\/schema\/person\/5a6eba428a91a9ad40be1d3ef0460b34","name":"Teresa","image":{"@type":"ImageObject","inLanguage":"es","@id":"https:\/\/rehabilitemoscastellon.es\/#\/schema\/person\/image\/","url":"https:\/\/secure.gravatar.com\/avatar\/b24af50e4c23a9e9a8cc50323a852660a1a5dbf1297f0303851ef9accc16f948?s=96&d=mm&r=g","contentUrl":"https:\/\/secure.gravatar.com\/avatar\/b24af50e4c23a9e9a8cc50323a852660a1a5dbf1297f0303851ef9accc16f948?s=96&d=mm&r=g","caption":"Teresa"},"url":"https:\/\/rehabilitemoscastellon.es\/index.php\/author\/teresa\/"}]}},"_links":{"self":[{"href":"https:\/\/rehabilitemoscastellon.es\/index.php\/wp-json\/wp\/v2\/posts\/417","targetHints":{"allow":["GET"]}}],"collection":[{"href":"https:\/\/rehabilitemoscastellon.es\/index.php\/wp-json\/wp\/v2\/posts"}],"about":[{"href":"https:\/\/rehabilitemoscastellon.es\/index.php\/wp-json\/wp\/v2\/types\/post"}],"author":[{"embeddable":true,"href":"https:\/\/rehabilitemoscastellon.es\/index.php\/wp-json\/wp\/v2\/users\/3"}],"replies":[{"embeddable":true,"href":"https:\/\/rehabilitemoscastellon.es\/index.php\/wp-json\/wp\/v2\/comments?post=417"}],"version-history":[{"count":2,"href":"https:\/\/rehabilitemoscastellon.es\/index.php\/wp-json\/wp\/v2\/posts\/417\/revisions"}],"predecessor-version":[{"id":420,"href":"https:\/\/rehabilitemoscastellon.es\/index.php\/wp-json\/wp\/v2\/posts\/417\/revisions\/420"}],"wp:featuredmedia":[{"embeddable":true,"href":"https:\/\/rehabilitemoscastellon.es\/index.php\/wp-json\/wp\/v2\/media\/421"}],"wp:attachment":[{"href":"https:\/\/rehabilitemoscastellon.es\/index.php\/wp-json\/wp\/v2\/media?parent=417"}],"wp:term":[{"taxonomy":"category","embeddable":true,"href":"https:\/\/rehabilitemoscastellon.es\/index.php\/wp-json\/wp\/v2\/categories?post=417"},{"taxonomy":"post_tag","embeddable":true,"href":"https:\/\/rehabilitemoscastellon.es\/index.php\/wp-json\/wp\/v2\/tags?post=417"}],"curies":[{"name":"wp","href":"https:\/\/api.w.org\/{rel}","templated":true}]}}