{"id":407,"date":"2024-12-03T09:39:44","date_gmt":"2024-12-03T09:39:44","guid":{"rendered":"https:\/\/rehabilitemoscastellon.es\/?p=407"},"modified":"2024-12-03T10:20:19","modified_gmt":"2024-12-03T10:20:19","slug":"rehabilitem-castello-avanca","status":"publish","type":"post","link":"https:\/\/rehabilitemoscastellon.es\/index.php\/ca\/2024\/12\/03\/rehabilitem-castello-avanca\/","title":{"rendered":"Rehabilitem Castell\u00f3 avan\u00e7a! \ud83c\udfe1"},"content":{"rendered":"\n<p>El mes de novembre passat, es van dur a terme diverses reunions a l&#8217;Ajuntament de Castell\u00f3 amb els grups involucrats en el projecte. En aquestes sessions, van participar presidents i administradors de les comunitats de ve\u00efns, representants de l&#8217;ajuntament i membres de l&#8217;equip t\u00e8cnic encarregat.<\/p>\n\n\n\n<p>L&#8217;objectiu d&#8217;aquestes reunions va ser presentar <strong>la proposta actual del projecte de rehabilitaci\u00f3 energ\u00e8tica<\/strong>. Els arquitectes responsables de la redacci\u00f3 del projecte van explicar detalladament les seues caracter\u00edstiques t\u00e8cniques, mentre que els representants de les comunitats van compartir les seues inquietuds i suggeriments.<\/p>\n\n\n\n<p>Despr\u00e9s d&#8217;aquesta primera trobada, s&#8217;obri un per\u00edode de comunicaci\u00f3 amb els ve\u00efns, que culminar\u00e0 en una segona reuni\u00f3 enfocada a resoldre dubtes.<\/p>\n\n\n\n<figure class=\"wp-block-image aligncenter size-large is-resized\"><img loading=\"lazy\" decoding=\"async\" width=\"819\" height=\"1024\" src=\"https:\/\/rehabilitemoscastellon.es\/wp-content\/uploads\/2024\/12\/WhatsApp-Image-2024-12-03-at-09.21.24-3-819x1024.jpeg\" alt=\"\" class=\"wp-image-408\" style=\"width:628px;height:auto\" srcset=\"https:\/\/rehabilitemoscastellon.es\/wp-content\/uploads\/2024\/12\/WhatsApp-Image-2024-12-03-at-09.21.24-3-819x1024.jpeg 819w, https:\/\/rehabilitemoscastellon.es\/wp-content\/uploads\/2024\/12\/WhatsApp-Image-2024-12-03-at-09.21.24-3-480x600.jpeg 480w\" sizes=\"auto, (min-width: 0px) and (max-width: 480px) 480px, (min-width: 481px) 819px, 100vw\" \/><figcaption class=\"wp-element-caption\">Reuni\u00f3 en Quatre Cantons<\/figcaption><\/figure>\n","protected":false},"excerpt":{"rendered":"<p>El mes de novembre passat, es van dur a terme diverses reunions a l&#8217;Ajuntament de Castell\u00f3 amb els grups involucrats en el projecte. En aquestes sessions, van participar presidents i administradors de les comunitats de ve\u00efns, representants de l&#8217;ajuntament i membres de l&#8217;equip t\u00e8cnic encarregat. L&#8217;objectiu d&#8217;aquestes reunions va ser presentar la proposta actual del [&hellip;]<\/p>\n","protected":false},"author":3,"featured_media":0,"comment_status":"open","ping_status":"open","sticky":false,"template":"","format":"standard","meta":{"_et_pb_use_builder":"off","_et_pb_old_content":"","_et_gb_content_width":"","footnotes":""},"categories":[21],"tags":[],"class_list":["post-407","post","type-post","status-publish","format-standard","hentry","category-noticies_va"],"yoast_head":"<!-- This site is optimized with the Yoast SEO plugin v22.7 - https:\/\/yoast.com\/wordpress\/plugins\/seo\/ -->\n<title>Rehabilitem Castell\u00f3 avan\u00e7a! \ud83c\udfe1 - Rehabilitemos Castell&oacute;n<\/title>\n<meta name=\"robots\" content=\"index, follow, max-snippet:-1, max-image-preview:large, max-video-preview:-1\" \/>\n<link rel=\"canonical\" href=\"https:\/\/rehabilitemoscastellon.es\/index.php\/ca\/2024\/12\/03\/rehabilitem-castello-avanca\/\" \/>\n<meta property=\"og:locale\" content=\"es_ES\" \/>\n<meta property=\"og:type\" content=\"article\" \/>\n<meta property=\"og:title\" content=\"Rehabilitem Castell\u00f3 avan\u00e7a! \ud83c\udfe1 - Rehabilitemos Castell&oacute;n\" \/>\n<meta property=\"og:description\" content=\"El mes de novembre passat, es van dur a terme diverses reunions a l&#8217;Ajuntament de Castell\u00f3 amb els grups involucrats en el projecte. En aquestes sessions, van participar presidents i administradors de les comunitats de ve\u00efns, representants de l&#8217;ajuntament i membres de l&#8217;equip t\u00e8cnic encarregat. L&#8217;objectiu d&#8217;aquestes reunions va ser presentar la proposta actual del [&hellip;]\" \/>\n<meta property=\"og:url\" content=\"https:\/\/rehabilitemoscastellon.es\/index.php\/ca\/2024\/12\/03\/rehabilitem-castello-avanca\/\" \/>\n<meta property=\"og:site_name\" content=\"Rehabilitemos Castell&oacute;n\" \/>\n<meta property=\"article:published_time\" content=\"2024-12-03T09:39:44+00:00\" \/>\n<meta property=\"article:modified_time\" content=\"2024-12-03T10:20:19+00:00\" \/>\n<meta property=\"og:image\" content=\"https:\/\/rehabilitemoscastellon.es\/wp-content\/uploads\/2024\/12\/WhatsApp-Image-2024-12-03-at-09.21.24-3-819x1024.jpeg\" \/>\n<meta name=\"author\" content=\"Teresa\" \/>\n<meta name=\"twitter:card\" content=\"summary_large_image\" \/>\n<meta name=\"twitter:label1\" content=\"Escrito por\" \/>\n\t<meta name=\"twitter:data1\" content=\"Teresa\" \/>\n\t<meta name=\"twitter:label2\" content=\"Tiempo de lectura\" \/>\n\t<meta name=\"twitter:data2\" content=\"1 minuto\" \/>\n<script type=\"application\/ld+json\" class=\"yoast-schema-graph\">{\"@context\":\"https:\/\/schema.org\",\"@graph\":[{\"@type\":\"Article\",\"@id\":\"https:\/\/rehabilitemoscastellon.es\/index.php\/ca\/2024\/12\/03\/rehabilitem-castello-avanca\/#article\",\"isPartOf\":{\"@id\":\"https:\/\/rehabilitemoscastellon.es\/index.php\/ca\/2024\/12\/03\/rehabilitem-castello-avanca\/\"},\"author\":{\"name\":\"Teresa\",\"@id\":\"https:\/\/rehabilitemoscastellon.es\/#\/schema\/person\/5a6eba428a91a9ad40be1d3ef0460b34\"},\"headline\":\"Rehabilitem Castell\u00f3 avan\u00e7a! \ud83c\udfe1\",\"datePublished\":\"2024-12-03T09:39:44+00:00\",\"dateModified\":\"2024-12-03T10:20:19+00:00\",\"mainEntityOfPage\":{\"@id\":\"https:\/\/rehabilitemoscastellon.es\/index.php\/ca\/2024\/12\/03\/rehabilitem-castello-avanca\/\"},\"wordCount\":133,\"commentCount\":0,\"publisher\":{\"@id\":\"https:\/\/rehabilitemoscastellon.es\/#organization\"},\"image\":{\"@id\":\"https:\/\/rehabilitemoscastellon.es\/index.php\/ca\/2024\/12\/03\/rehabilitem-castello-avanca\/#primaryimage\"},\"thumbnailUrl\":\"https:\/\/rehabilitemoscastellon.es\/wp-content\/uploads\/2024\/12\/WhatsApp-Image-2024-12-03-at-09.21.24-3-819x1024.jpeg\",\"articleSection\":[\"not\u00edcies_va\"],\"inLanguage\":\"es\",\"potentialAction\":[{\"@type\":\"CommentAction\",\"name\":\"Comment\",\"target\":[\"https:\/\/rehabilitemoscastellon.es\/index.php\/ca\/2024\/12\/03\/rehabilitem-castello-avanca\/#respond\"]}]},{\"@type\":\"WebPage\",\"@id\":\"https:\/\/rehabilitemoscastellon.es\/index.php\/ca\/2024\/12\/03\/rehabilitem-castello-avanca\/\",\"url\":\"https:\/\/rehabilitemoscastellon.es\/index.php\/ca\/2024\/12\/03\/rehabilitem-castello-avanca\/\",\"name\":\"Rehabilitem Castell\u00f3 avan\u00e7a! \ud83c\udfe1 - Rehabilitemos Castell&oacute;n\",\"isPartOf\":{\"@id\":\"https:\/\/rehabilitemoscastellon.es\/#website\"},\"primaryImageOfPage\":{\"@id\":\"https:\/\/rehabilitemoscastellon.es\/index.php\/ca\/2024\/12\/03\/rehabilitem-castello-avanca\/#primaryimage\"},\"image\":{\"@id\":\"https:\/\/rehabilitemoscastellon.es\/index.php\/ca\/2024\/12\/03\/rehabilitem-castello-avanca\/#primaryimage\"},\"thumbnailUrl\":\"https:\/\/rehabilitemoscastellon.es\/wp-content\/uploads\/2024\/12\/WhatsApp-Image-2024-12-03-at-09.21.24-3-819x1024.jpeg\",\"datePublished\":\"2024-12-03T09:39:44+00:00\",\"dateModified\":\"2024-12-03T10:20:19+00:00\",\"breadcrumb\":{\"@id\":\"https:\/\/rehabilitemoscastellon.es\/index.php\/ca\/2024\/12\/03\/rehabilitem-castello-avanca\/#breadcrumb\"},\"inLanguage\":\"es\",\"potentialAction\":[{\"@type\":\"ReadAction\",\"target\":[\"https:\/\/rehabilitemoscastellon.es\/index.php\/ca\/2024\/12\/03\/rehabilitem-castello-avanca\/\"]}]},{\"@type\":\"ImageObject\",\"inLanguage\":\"es\",\"@id\":\"https:\/\/rehabilitemoscastellon.es\/index.php\/ca\/2024\/12\/03\/rehabilitem-castello-avanca\/#primaryimage\",\"url\":\"https:\/\/rehabilitemoscastellon.es\/wp-content\/uploads\/2024\/12\/WhatsApp-Image-2024-12-03-at-09.21.24-3.jpeg\",\"contentUrl\":\"https:\/\/rehabilitemoscastellon.es\/wp-content\/uploads\/2024\/12\/WhatsApp-Image-2024-12-03-at-09.21.24-3.jpeg\",\"width\":900,\"height\":1125},{\"@type\":\"BreadcrumbList\",\"@id\":\"https:\/\/rehabilitemoscastellon.es\/index.php\/ca\/2024\/12\/03\/rehabilitem-castello-avanca\/#breadcrumb\",\"itemListElement\":[{\"@type\":\"ListItem\",\"position\":1,\"name\":\"Portada\",\"item\":\"https:\/\/rehabilitemoscastellon.es\/\"},{\"@type\":\"ListItem\",\"position\":2,\"name\":\"Rehabilitem Castell\u00f3 avan\u00e7a! \ud83c\udfe1\"}]},{\"@type\":\"WebSite\",\"@id\":\"https:\/\/rehabilitemoscastellon.es\/#website\",\"url\":\"https:\/\/rehabilitemoscastellon.es\/\",\"name\":\"Rehabilitemos Castell\u00f3n\",\"description\":\"Mejoramos vivienda, edificios y barrios\",\"publisher\":{\"@id\":\"https:\/\/rehabilitemoscastellon.es\/#organization\"},\"potentialAction\":[{\"@type\":\"SearchAction\",\"target\":{\"@type\":\"EntryPoint\",\"urlTemplate\":\"https:\/\/rehabilitemoscastellon.es\/?s={search_term_string}\"},\"query-input\":\"required name=search_term_string\"}],\"inLanguage\":\"es\"},{\"@type\":\"Organization\",\"@id\":\"https:\/\/rehabilitemoscastellon.es\/#organization\",\"name\":\"Rehabilitemos Castell\u00f3n\",\"url\":\"https:\/\/rehabilitemoscastellon.es\/\",\"logo\":{\"@type\":\"ImageObject\",\"inLanguage\":\"es\",\"@id\":\"https:\/\/rehabilitemoscastellon.es\/#\/schema\/logo\/image\/\",\"url\":\"http:\/\/rehabilitemoscastellon.es\/wp-content\/uploads\/2024\/05\/logotipo_color.png\",\"contentUrl\":\"http:\/\/rehabilitemoscastellon.es\/wp-content\/uploads\/2024\/05\/logotipo_color.png\",\"width\":2730,\"height\":1174,\"caption\":\"Rehabilitemos Castell\u00f3n\"},\"image\":{\"@id\":\"https:\/\/rehabilitemoscastellon.es\/#\/schema\/logo\/image\/\"}},{\"@type\":\"Person\",\"@id\":\"https:\/\/rehabilitemoscastellon.es\/#\/schema\/person\/5a6eba428a91a9ad40be1d3ef0460b34\",\"name\":\"Teresa\",\"image\":{\"@type\":\"ImageObject\",\"inLanguage\":\"es\",\"@id\":\"https:\/\/rehabilitemoscastellon.es\/#\/schema\/person\/image\/\",\"url\":\"https:\/\/secure.gravatar.com\/avatar\/b24af50e4c23a9e9a8cc50323a852660a1a5dbf1297f0303851ef9accc16f948?s=96&d=mm&r=g\",\"contentUrl\":\"https:\/\/secure.gravatar.com\/avatar\/b24af50e4c23a9e9a8cc50323a852660a1a5dbf1297f0303851ef9accc16f948?s=96&d=mm&r=g\",\"caption\":\"Teresa\"},\"url\":\"https:\/\/rehabilitemoscastellon.es\/index.php\/author\/teresa\/\"}]}<\/script>\n<!-- \/ Yoast SEO plugin. -->","yoast_head_json":{"title":"Rehabilitem Castell\u00f3 avan\u00e7a! \ud83c\udfe1 - Rehabilitemos Castell&oacute;n","robots":{"index":"index","follow":"follow","max-snippet":"max-snippet:-1","max-image-preview":"max-image-preview:large","max-video-preview":"max-video-preview:-1"},"canonical":"https:\/\/rehabilitemoscastellon.es\/index.php\/ca\/2024\/12\/03\/rehabilitem-castello-avanca\/","og_locale":"es_ES","og_type":"article","og_title":"Rehabilitem Castell\u00f3 avan\u00e7a! \ud83c\udfe1 - Rehabilitemos Castell&oacute;n","og_description":"El mes de novembre passat, es van dur a terme diverses reunions a l&#8217;Ajuntament de Castell\u00f3 amb els grups involucrats en el projecte. En aquestes sessions, van participar presidents i administradors de les comunitats de ve\u00efns, representants de l&#8217;ajuntament i membres de l&#8217;equip t\u00e8cnic encarregat. L&#8217;objectiu d&#8217;aquestes reunions va ser presentar la proposta actual del [&hellip;]","og_url":"https:\/\/rehabilitemoscastellon.es\/index.php\/ca\/2024\/12\/03\/rehabilitem-castello-avanca\/","og_site_name":"Rehabilitemos Castell&oacute;n","article_published_time":"2024-12-03T09:39:44+00:00","article_modified_time":"2024-12-03T10:20:19+00:00","og_image":[{"url":"https:\/\/rehabilitemoscastellon.es\/wp-content\/uploads\/2024\/12\/WhatsApp-Image-2024-12-03-at-09.21.24-3-819x1024.jpeg"}],"author":"Teresa","twitter_card":"summary_large_image","twitter_misc":{"Escrito por":"Teresa","Tiempo de lectura":"1 minuto"},"schema":{"@context":"https:\/\/schema.org","@graph":[{"@type":"Article","@id":"https:\/\/rehabilitemoscastellon.es\/index.php\/ca\/2024\/12\/03\/rehabilitem-castello-avanca\/#article","isPartOf":{"@id":"https:\/\/rehabilitemoscastellon.es\/index.php\/ca\/2024\/12\/03\/rehabilitem-castello-avanca\/"},"author":{"name":"Teresa","@id":"https:\/\/rehabilitemoscastellon.es\/#\/schema\/person\/5a6eba428a91a9ad40be1d3ef0460b34"},"headline":"Rehabilitem Castell\u00f3 avan\u00e7a! \ud83c\udfe1","datePublished":"2024-12-03T09:39:44+00:00","dateModified":"2024-12-03T10:20:19+00:00","mainEntityOfPage":{"@id":"https:\/\/rehabilitemoscastellon.es\/index.php\/ca\/2024\/12\/03\/rehabilitem-castello-avanca\/"},"wordCount":133,"commentCount":0,"publisher":{"@id":"https:\/\/rehabilitemoscastellon.es\/#organization"},"image":{"@id":"https:\/\/rehabilitemoscastellon.es\/index.php\/ca\/2024\/12\/03\/rehabilitem-castello-avanca\/#primaryimage"},"thumbnailUrl":"https:\/\/rehabilitemoscastellon.es\/wp-content\/uploads\/2024\/12\/WhatsApp-Image-2024-12-03-at-09.21.24-3-819x1024.jpeg","articleSection":["not\u00edcies_va"],"inLanguage":"es","potentialAction":[{"@type":"CommentAction","name":"Comment","target":["https:\/\/rehabilitemoscastellon.es\/index.php\/ca\/2024\/12\/03\/rehabilitem-castello-avanca\/#respond"]}]},{"@type":"WebPage","@id":"https:\/\/rehabilitemoscastellon.es\/index.php\/ca\/2024\/12\/03\/rehabilitem-castello-avanca\/","url":"https:\/\/rehabilitemoscastellon.es\/index.php\/ca\/2024\/12\/03\/rehabilitem-castello-avanca\/","name":"Rehabilitem Castell\u00f3 avan\u00e7a! \ud83c\udfe1 - Rehabilitemos Castell&oacute;n","isPartOf":{"@id":"https:\/\/rehabilitemoscastellon.es\/#website"},"primaryImageOfPage":{"@id":"https:\/\/rehabilitemoscastellon.es\/index.php\/ca\/2024\/12\/03\/rehabilitem-castello-avanca\/#primaryimage"},"image":{"@id":"https:\/\/rehabilitemoscastellon.es\/index.php\/ca\/2024\/12\/03\/rehabilitem-castello-avanca\/#primaryimage"},"thumbnailUrl":"https:\/\/rehabilitemoscastellon.es\/wp-content\/uploads\/2024\/12\/WhatsApp-Image-2024-12-03-at-09.21.24-3-819x1024.jpeg","datePublished":"2024-12-03T09:39:44+00:00","dateModified":"2024-12-03T10:20:19+00:00","breadcrumb":{"@id":"https:\/\/rehabilitemoscastellon.es\/index.php\/ca\/2024\/12\/03\/rehabilitem-castello-avanca\/#breadcrumb"},"inLanguage":"es","potentialAction":[{"@type":"ReadAction","target":["https:\/\/rehabilitemoscastellon.es\/index.php\/ca\/2024\/12\/03\/rehabilitem-castello-avanca\/"]}]},{"@type":"ImageObject","inLanguage":"es","@id":"https:\/\/rehabilitemoscastellon.es\/index.php\/ca\/2024\/12\/03\/rehabilitem-castello-avanca\/#primaryimage","url":"https:\/\/rehabilitemoscastellon.es\/wp-content\/uploads\/2024\/12\/WhatsApp-Image-2024-12-03-at-09.21.24-3.jpeg","contentUrl":"https:\/\/rehabilitemoscastellon.es\/wp-content\/uploads\/2024\/12\/WhatsApp-Image-2024-12-03-at-09.21.24-3.jpeg","width":900,"height":1125},{"@type":"BreadcrumbList","@id":"https:\/\/rehabilitemoscastellon.es\/index.php\/ca\/2024\/12\/03\/rehabilitem-castello-avanca\/#breadcrumb","itemListElement":[{"@type":"ListItem","position":1,"name":"Portada","item":"https:\/\/rehabilitemoscastellon.es\/"},{"@type":"ListItem","position":2,"name":"Rehabilitem Castell\u00f3 avan\u00e7a! \ud83c\udfe1"}]},{"@type":"WebSite","@id":"https:\/\/rehabilitemoscastellon.es\/#website","url":"https:\/\/rehabilitemoscastellon.es\/","name":"Rehabilitemos Castell\u00f3n","description":"Mejoramos vivienda, edificios y barrios","publisher":{"@id":"https:\/\/rehabilitemoscastellon.es\/#organization"},"potentialAction":[{"@type":"SearchAction","target":{"@type":"EntryPoint","urlTemplate":"https:\/\/rehabilitemoscastellon.es\/?s={search_term_string}"},"query-input":"required name=search_term_string"}],"inLanguage":"es"},{"@type":"Organization","@id":"https:\/\/rehabilitemoscastellon.es\/#organization","name":"Rehabilitemos Castell\u00f3n","url":"https:\/\/rehabilitemoscastellon.es\/","logo":{"@type":"ImageObject","inLanguage":"es","@id":"https:\/\/rehabilitemoscastellon.es\/#\/schema\/logo\/image\/","url":"http:\/\/rehabilitemoscastellon.es\/wp-content\/uploads\/2024\/05\/logotipo_color.png","contentUrl":"http:\/\/rehabilitemoscastellon.es\/wp-content\/uploads\/2024\/05\/logotipo_color.png","width":2730,"height":1174,"caption":"Rehabilitemos Castell\u00f3n"},"image":{"@id":"https:\/\/rehabilitemoscastellon.es\/#\/schema\/logo\/image\/"}},{"@type":"Person","@id":"https:\/\/rehabilitemoscastellon.es\/#\/schema\/person\/5a6eba428a91a9ad40be1d3ef0460b34","name":"Teresa","image":{"@type":"ImageObject","inLanguage":"es","@id":"https:\/\/rehabilitemoscastellon.es\/#\/schema\/person\/image\/","url":"https:\/\/secure.gravatar.com\/avatar\/b24af50e4c23a9e9a8cc50323a852660a1a5dbf1297f0303851ef9accc16f948?s=96&d=mm&r=g","contentUrl":"https:\/\/secure.gravatar.com\/avatar\/b24af50e4c23a9e9a8cc50323a852660a1a5dbf1297f0303851ef9accc16f948?s=96&d=mm&r=g","caption":"Teresa"},"url":"https:\/\/rehabilitemoscastellon.es\/index.php\/author\/teresa\/"}]}},"_links":{"self":[{"href":"https:\/\/rehabilitemoscastellon.es\/index.php\/wp-json\/wp\/v2\/posts\/407","targetHints":{"allow":["GET"]}}],"collection":[{"href":"https:\/\/rehabilitemoscastellon.es\/index.php\/wp-json\/wp\/v2\/posts"}],"about":[{"href":"https:\/\/rehabilitemoscastellon.es\/index.php\/wp-json\/wp\/v2\/types\/post"}],"author":[{"embeddable":true,"href":"https:\/\/rehabilitemoscastellon.es\/index.php\/wp-json\/wp\/v2\/users\/3"}],"replies":[{"embeddable":true,"href":"https:\/\/rehabilitemoscastellon.es\/index.php\/wp-json\/wp\/v2\/comments?post=407"}],"version-history":[{"count":1,"href":"https:\/\/rehabilitemoscastellon.es\/index.php\/wp-json\/wp\/v2\/posts\/407\/revisions"}],"predecessor-version":[{"id":409,"href":"https:\/\/rehabilitemoscastellon.es\/index.php\/wp-json\/wp\/v2\/posts\/407\/revisions\/409"}],"wp:attachment":[{"href":"https:\/\/rehabilitemoscastellon.es\/index.php\/wp-json\/wp\/v2\/media?parent=407"}],"wp:term":[{"taxonomy":"category","embeddable":true,"href":"https:\/\/rehabilitemoscastellon.es\/index.php\/wp-json\/wp\/v2\/categories?post=407"},{"taxonomy":"post_tag","embeddable":true,"href":"https:\/\/rehabilitemoscastellon.es\/index.php\/wp-json\/wp\/v2\/tags?post=407"}],"curies":[{"name":"wp","href":"https:\/\/api.w.org\/{rel}","templated":true}]}}