{"id":372,"date":"2024-08-01T09:37:38","date_gmt":"2024-08-01T09:37:38","guid":{"rendered":"https:\/\/rehabilitemoscastellon.es\/?p=372"},"modified":"2024-12-03T10:17:26","modified_gmt":"2024-12-03T10:17:26","slug":"benvingut-estiu","status":"publish","type":"post","link":"https:\/\/rehabilitemoscastellon.es\/index.php\/ca\/2024\/08\/01\/benvingut-estiu\/","title":{"rendered":"Benvingut Estiu! \ud83c\udf1e\ud83c\udfd6\ufe0f"},"content":{"rendered":"\n<p><strong>Horari d\u2019Estiu a la nostra Oficina<\/strong><\/p>\n\n\n\n<p>Hola a tots! Com sabeu, l\u2019estiu est\u00e0 en ple apogeu i volem mantenir-vos informats sobre el nostre horari especial durant aquesta temporada assolellada. \ud83c\udf34<\/p>\n\n\n\n<p><strong>Del 29 de juliol al 9 d\u2019agost:<\/strong><\/p>\n\n\n\n<ul class=\"wp-block-list\">\n<li>Dilluns, dimecres i divendres: Estarem disponibles de 9:00 a 14:00. Aprofita les matinades per entregar les factures que falten o les dubtes que encara estiguin pendents!<\/li>\n\n\n\n<li>Dimarts: El nostre horari ser\u00e0 de 9:00 a 14:00 i despr\u00e9s de 16:00 a 18:00. Aix\u00ed que, si necessites alguna cosa, no dubtis a visitar-nos en aquests moments.<\/li>\n\n\n\n<li>Dijous a l\u2019oficina d\u2019El Grao c\/ Trafalgar, 13: Si est\u00e0s a prop, vine a saludar-nos. Estarem all\u00e0 per ajudar-te.<\/li>\n<\/ul>\n\n\n\n<p><strong>Del 12 al 26 d\u2019agost:<\/strong><\/p>\n\n\n\n<ul class=\"wp-block-list\">\n<li>Dilluns a dimecres i divendres: Ampliem les nostres hores d\u2019atenci\u00f3 de 9:00 a 14:00. Aix\u00ed que, si ets matiner, vine d\u2019hora!<\/li>\n\n\n\n<li>Dijous a l\u2019oficina d\u2019El Grao c\/ Trafalgar, 13: El nostre equip estar\u00e0 all\u00e0 per resoldre les teves consultes.<\/li>\n<\/ul>\n","protected":false},"excerpt":{"rendered":"<p>Horari d\u2019Estiu a la nostra Oficina Hola a tots! Com sabeu, l\u2019estiu est\u00e0 en ple apogeu i volem mantenir-vos informats sobre el nostre horari especial durant aquesta temporada assolellada. \ud83c\udf34 Del 29 de juliol al 9 d\u2019agost: Del 12 al 26 d\u2019agost:<\/p>\n","protected":false},"author":2,"featured_media":33,"comment_status":"open","ping_status":"open","sticky":false,"template":"","format":"standard","meta":{"_et_pb_use_builder":"off","_et_pb_old_content":"","_et_gb_content_width":"","footnotes":""},"categories":[21],"tags":[],"class_list":["post-372","post","type-post","status-publish","format-standard","has-post-thumbnail","hentry","category-noticies_va"],"yoast_head":"<!-- This site is optimized with the Yoast SEO plugin v22.7 - https:\/\/yoast.com\/wordpress\/plugins\/seo\/ -->\n<title>Benvingut Estiu! \ud83c\udf1e\ud83c\udfd6\ufe0f - Rehabilitemos Castell&oacute;n<\/title>\n<meta name=\"robots\" content=\"index, follow, max-snippet:-1, max-image-preview:large, max-video-preview:-1\" \/>\n<link rel=\"canonical\" href=\"https:\/\/rehabilitemoscastellon.es\/index.php\/ca\/2024\/08\/01\/benvingut-estiu\/\" \/>\n<meta property=\"og:locale\" content=\"es_ES\" \/>\n<meta property=\"og:type\" content=\"article\" \/>\n<meta property=\"og:title\" content=\"Benvingut Estiu! \ud83c\udf1e\ud83c\udfd6\ufe0f - Rehabilitemos Castell&oacute;n\" \/>\n<meta property=\"og:description\" content=\"Horari d\u2019Estiu a la nostra Oficina Hola a tots! Com sabeu, l\u2019estiu est\u00e0 en ple apogeu i volem mantenir-vos informats sobre el nostre horari especial durant aquesta temporada assolellada. \ud83c\udf34 Del 29 de juliol al 9 d\u2019agost: Del 12 al 26 d\u2019agost:\" \/>\n<meta property=\"og:url\" content=\"https:\/\/rehabilitemoscastellon.es\/index.php\/ca\/2024\/08\/01\/benvingut-estiu\/\" \/>\n<meta property=\"og:site_name\" content=\"Rehabilitemos Castell&oacute;n\" \/>\n<meta property=\"article:published_time\" content=\"2024-08-01T09:37:38+00:00\" \/>\n<meta property=\"article:modified_time\" content=\"2024-12-03T10:17:26+00:00\" \/>\n<meta name=\"author\" content=\"Mireia\" \/>\n<meta name=\"twitter:card\" content=\"summary_large_image\" \/>\n<meta name=\"twitter:label1\" content=\"Escrito por\" \/>\n\t<meta name=\"twitter:data1\" content=\"Mireia\" \/>\n\t<meta name=\"twitter:label2\" content=\"Tiempo de lectura\" \/>\n\t<meta name=\"twitter:data2\" content=\"1 minuto\" \/>\n<script type=\"application\/ld+json\" class=\"yoast-schema-graph\">{\"@context\":\"https:\/\/schema.org\",\"@graph\":[{\"@type\":\"Article\",\"@id\":\"https:\/\/rehabilitemoscastellon.es\/index.php\/ca\/2024\/08\/01\/benvingut-estiu\/#article\",\"isPartOf\":{\"@id\":\"https:\/\/rehabilitemoscastellon.es\/index.php\/ca\/2024\/08\/01\/benvingut-estiu\/\"},\"author\":{\"name\":\"Mireia\",\"@id\":\"https:\/\/rehabilitemoscastellon.es\/#\/schema\/person\/dd69b3d1c7374f9c9cbbf63803680d49\"},\"headline\":\"Benvingut Estiu! \ud83c\udf1e\ud83c\udfd6\ufe0f\",\"datePublished\":\"2024-08-01T09:37:38+00:00\",\"dateModified\":\"2024-12-03T10:17:26+00:00\",\"mainEntityOfPage\":{\"@id\":\"https:\/\/rehabilitemoscastellon.es\/index.php\/ca\/2024\/08\/01\/benvingut-estiu\/\"},\"wordCount\":153,\"commentCount\":0,\"publisher\":{\"@id\":\"https:\/\/rehabilitemoscastellon.es\/#organization\"},\"image\":{\"@id\":\"https:\/\/rehabilitemoscastellon.es\/index.php\/ca\/2024\/08\/01\/benvingut-estiu\/#primaryimage\"},\"thumbnailUrl\":\"https:\/\/rehabilitemoscastellon.es\/wp-content\/uploads\/2024\/05\/icono.svg\",\"articleSection\":[\"not\u00edcies_va\"],\"inLanguage\":\"es\",\"potentialAction\":[{\"@type\":\"CommentAction\",\"name\":\"Comment\",\"target\":[\"https:\/\/rehabilitemoscastellon.es\/index.php\/ca\/2024\/08\/01\/benvingut-estiu\/#respond\"]}]},{\"@type\":\"WebPage\",\"@id\":\"https:\/\/rehabilitemoscastellon.es\/index.php\/ca\/2024\/08\/01\/benvingut-estiu\/\",\"url\":\"https:\/\/rehabilitemoscastellon.es\/index.php\/ca\/2024\/08\/01\/benvingut-estiu\/\",\"name\":\"Benvingut Estiu! \ud83c\udf1e\ud83c\udfd6\ufe0f - Rehabilitemos Castell&oacute;n\",\"isPartOf\":{\"@id\":\"https:\/\/rehabilitemoscastellon.es\/#website\"},\"primaryImageOfPage\":{\"@id\":\"https:\/\/rehabilitemoscastellon.es\/index.php\/ca\/2024\/08\/01\/benvingut-estiu\/#primaryimage\"},\"image\":{\"@id\":\"https:\/\/rehabilitemoscastellon.es\/index.php\/ca\/2024\/08\/01\/benvingut-estiu\/#primaryimage\"},\"thumbnailUrl\":\"https:\/\/rehabilitemoscastellon.es\/wp-content\/uploads\/2024\/05\/icono.svg\",\"datePublished\":\"2024-08-01T09:37:38+00:00\",\"dateModified\":\"2024-12-03T10:17:26+00:00\",\"breadcrumb\":{\"@id\":\"https:\/\/rehabilitemoscastellon.es\/index.php\/ca\/2024\/08\/01\/benvingut-estiu\/#breadcrumb\"},\"inLanguage\":\"es\",\"potentialAction\":[{\"@type\":\"ReadAction\",\"target\":[\"https:\/\/rehabilitemoscastellon.es\/index.php\/ca\/2024\/08\/01\/benvingut-estiu\/\"]}]},{\"@type\":\"ImageObject\",\"inLanguage\":\"es\",\"@id\":\"https:\/\/rehabilitemoscastellon.es\/index.php\/ca\/2024\/08\/01\/benvingut-estiu\/#primaryimage\",\"url\":\"https:\/\/rehabilitemoscastellon.es\/wp-content\/uploads\/2024\/05\/icono.svg\",\"contentUrl\":\"https:\/\/rehabilitemoscastellon.es\/wp-content\/uploads\/2024\/05\/icono.svg\",\"width\":111.09,\"height\":56},{\"@type\":\"BreadcrumbList\",\"@id\":\"https:\/\/rehabilitemoscastellon.es\/index.php\/ca\/2024\/08\/01\/benvingut-estiu\/#breadcrumb\",\"itemListElement\":[{\"@type\":\"ListItem\",\"position\":1,\"name\":\"Portada\",\"item\":\"https:\/\/rehabilitemoscastellon.es\/\"},{\"@type\":\"ListItem\",\"position\":2,\"name\":\"Benvingut Estiu! \ud83c\udf1e\ud83c\udfd6\ufe0f\"}]},{\"@type\":\"WebSite\",\"@id\":\"https:\/\/rehabilitemoscastellon.es\/#website\",\"url\":\"https:\/\/rehabilitemoscastellon.es\/\",\"name\":\"Rehabilitemos Castell\u00f3n\",\"description\":\"Mejoramos vivienda, edificios y barrios\",\"publisher\":{\"@id\":\"https:\/\/rehabilitemoscastellon.es\/#organization\"},\"potentialAction\":[{\"@type\":\"SearchAction\",\"target\":{\"@type\":\"EntryPoint\",\"urlTemplate\":\"https:\/\/rehabilitemoscastellon.es\/?s={search_term_string}\"},\"query-input\":\"required name=search_term_string\"}],\"inLanguage\":\"es\"},{\"@type\":\"Organization\",\"@id\":\"https:\/\/rehabilitemoscastellon.es\/#organization\",\"name\":\"Rehabilitemos Castell\u00f3n\",\"url\":\"https:\/\/rehabilitemoscastellon.es\/\",\"logo\":{\"@type\":\"ImageObject\",\"inLanguage\":\"es\",\"@id\":\"https:\/\/rehabilitemoscastellon.es\/#\/schema\/logo\/image\/\",\"url\":\"http:\/\/rehabilitemoscastellon.es\/wp-content\/uploads\/2024\/05\/logotipo_color.png\",\"contentUrl\":\"http:\/\/rehabilitemoscastellon.es\/wp-content\/uploads\/2024\/05\/logotipo_color.png\",\"width\":2730,\"height\":1174,\"caption\":\"Rehabilitemos Castell\u00f3n\"},\"image\":{\"@id\":\"https:\/\/rehabilitemoscastellon.es\/#\/schema\/logo\/image\/\"}},{\"@type\":\"Person\",\"@id\":\"https:\/\/rehabilitemoscastellon.es\/#\/schema\/person\/dd69b3d1c7374f9c9cbbf63803680d49\",\"name\":\"Mireia\",\"image\":{\"@type\":\"ImageObject\",\"inLanguage\":\"es\",\"@id\":\"https:\/\/rehabilitemoscastellon.es\/#\/schema\/person\/image\/\",\"url\":\"https:\/\/secure.gravatar.com\/avatar\/62d98139249b7c3738c5f7447ab943cdbd562a12e4526b2a57bf606df4246c05?s=96&d=mm&r=g\",\"contentUrl\":\"https:\/\/secure.gravatar.com\/avatar\/62d98139249b7c3738c5f7447ab943cdbd562a12e4526b2a57bf606df4246c05?s=96&d=mm&r=g\",\"caption\":\"Mireia\"},\"url\":\"https:\/\/rehabilitemoscastellon.es\/index.php\/author\/mireia\/\"}]}<\/script>\n<!-- \/ Yoast SEO plugin. -->","yoast_head_json":{"title":"Benvingut Estiu! \ud83c\udf1e\ud83c\udfd6\ufe0f - Rehabilitemos Castell&oacute;n","robots":{"index":"index","follow":"follow","max-snippet":"max-snippet:-1","max-image-preview":"max-image-preview:large","max-video-preview":"max-video-preview:-1"},"canonical":"https:\/\/rehabilitemoscastellon.es\/index.php\/ca\/2024\/08\/01\/benvingut-estiu\/","og_locale":"es_ES","og_type":"article","og_title":"Benvingut Estiu! \ud83c\udf1e\ud83c\udfd6\ufe0f - Rehabilitemos Castell&oacute;n","og_description":"Horari d\u2019Estiu a la nostra Oficina Hola a tots! Com sabeu, l\u2019estiu est\u00e0 en ple apogeu i volem mantenir-vos informats sobre el nostre horari especial durant aquesta temporada assolellada. \ud83c\udf34 Del 29 de juliol al 9 d\u2019agost: Del 12 al 26 d\u2019agost:","og_url":"https:\/\/rehabilitemoscastellon.es\/index.php\/ca\/2024\/08\/01\/benvingut-estiu\/","og_site_name":"Rehabilitemos Castell&oacute;n","article_published_time":"2024-08-01T09:37:38+00:00","article_modified_time":"2024-12-03T10:17:26+00:00","author":"Mireia","twitter_card":"summary_large_image","twitter_misc":{"Escrito por":"Mireia","Tiempo de lectura":"1 minuto"},"schema":{"@context":"https:\/\/schema.org","@graph":[{"@type":"Article","@id":"https:\/\/rehabilitemoscastellon.es\/index.php\/ca\/2024\/08\/01\/benvingut-estiu\/#article","isPartOf":{"@id":"https:\/\/rehabilitemoscastellon.es\/index.php\/ca\/2024\/08\/01\/benvingut-estiu\/"},"author":{"name":"Mireia","@id":"https:\/\/rehabilitemoscastellon.es\/#\/schema\/person\/dd69b3d1c7374f9c9cbbf63803680d49"},"headline":"Benvingut Estiu! \ud83c\udf1e\ud83c\udfd6\ufe0f","datePublished":"2024-08-01T09:37:38+00:00","dateModified":"2024-12-03T10:17:26+00:00","mainEntityOfPage":{"@id":"https:\/\/rehabilitemoscastellon.es\/index.php\/ca\/2024\/08\/01\/benvingut-estiu\/"},"wordCount":153,"commentCount":0,"publisher":{"@id":"https:\/\/rehabilitemoscastellon.es\/#organization"},"image":{"@id":"https:\/\/rehabilitemoscastellon.es\/index.php\/ca\/2024\/08\/01\/benvingut-estiu\/#primaryimage"},"thumbnailUrl":"https:\/\/rehabilitemoscastellon.es\/wp-content\/uploads\/2024\/05\/icono.svg","articleSection":["not\u00edcies_va"],"inLanguage":"es","potentialAction":[{"@type":"CommentAction","name":"Comment","target":["https:\/\/rehabilitemoscastellon.es\/index.php\/ca\/2024\/08\/01\/benvingut-estiu\/#respond"]}]},{"@type":"WebPage","@id":"https:\/\/rehabilitemoscastellon.es\/index.php\/ca\/2024\/08\/01\/benvingut-estiu\/","url":"https:\/\/rehabilitemoscastellon.es\/index.php\/ca\/2024\/08\/01\/benvingut-estiu\/","name":"Benvingut Estiu! \ud83c\udf1e\ud83c\udfd6\ufe0f - Rehabilitemos Castell&oacute;n","isPartOf":{"@id":"https:\/\/rehabilitemoscastellon.es\/#website"},"primaryImageOfPage":{"@id":"https:\/\/rehabilitemoscastellon.es\/index.php\/ca\/2024\/08\/01\/benvingut-estiu\/#primaryimage"},"image":{"@id":"https:\/\/rehabilitemoscastellon.es\/index.php\/ca\/2024\/08\/01\/benvingut-estiu\/#primaryimage"},"thumbnailUrl":"https:\/\/rehabilitemoscastellon.es\/wp-content\/uploads\/2024\/05\/icono.svg","datePublished":"2024-08-01T09:37:38+00:00","dateModified":"2024-12-03T10:17:26+00:00","breadcrumb":{"@id":"https:\/\/rehabilitemoscastellon.es\/index.php\/ca\/2024\/08\/01\/benvingut-estiu\/#breadcrumb"},"inLanguage":"es","potentialAction":[{"@type":"ReadAction","target":["https:\/\/rehabilitemoscastellon.es\/index.php\/ca\/2024\/08\/01\/benvingut-estiu\/"]}]},{"@type":"ImageObject","inLanguage":"es","@id":"https:\/\/rehabilitemoscastellon.es\/index.php\/ca\/2024\/08\/01\/benvingut-estiu\/#primaryimage","url":"https:\/\/rehabilitemoscastellon.es\/wp-content\/uploads\/2024\/05\/icono.svg","contentUrl":"https:\/\/rehabilitemoscastellon.es\/wp-content\/uploads\/2024\/05\/icono.svg","width":111.09,"height":56},{"@type":"BreadcrumbList","@id":"https:\/\/rehabilitemoscastellon.es\/index.php\/ca\/2024\/08\/01\/benvingut-estiu\/#breadcrumb","itemListElement":[{"@type":"ListItem","position":1,"name":"Portada","item":"https:\/\/rehabilitemoscastellon.es\/"},{"@type":"ListItem","position":2,"name":"Benvingut Estiu! \ud83c\udf1e\ud83c\udfd6\ufe0f"}]},{"@type":"WebSite","@id":"https:\/\/rehabilitemoscastellon.es\/#website","url":"https:\/\/rehabilitemoscastellon.es\/","name":"Rehabilitemos Castell\u00f3n","description":"Mejoramos vivienda, edificios y barrios","publisher":{"@id":"https:\/\/rehabilitemoscastellon.es\/#organization"},"potentialAction":[{"@type":"SearchAction","target":{"@type":"EntryPoint","urlTemplate":"https:\/\/rehabilitemoscastellon.es\/?s={search_term_string}"},"query-input":"required name=search_term_string"}],"inLanguage":"es"},{"@type":"Organization","@id":"https:\/\/rehabilitemoscastellon.es\/#organization","name":"Rehabilitemos Castell\u00f3n","url":"https:\/\/rehabilitemoscastellon.es\/","logo":{"@type":"ImageObject","inLanguage":"es","@id":"https:\/\/rehabilitemoscastellon.es\/#\/schema\/logo\/image\/","url":"http:\/\/rehabilitemoscastellon.es\/wp-content\/uploads\/2024\/05\/logotipo_color.png","contentUrl":"http:\/\/rehabilitemoscastellon.es\/wp-content\/uploads\/2024\/05\/logotipo_color.png","width":2730,"height":1174,"caption":"Rehabilitemos Castell\u00f3n"},"image":{"@id":"https:\/\/rehabilitemoscastellon.es\/#\/schema\/logo\/image\/"}},{"@type":"Person","@id":"https:\/\/rehabilitemoscastellon.es\/#\/schema\/person\/dd69b3d1c7374f9c9cbbf63803680d49","name":"Mireia","image":{"@type":"ImageObject","inLanguage":"es","@id":"https:\/\/rehabilitemoscastellon.es\/#\/schema\/person\/image\/","url":"https:\/\/secure.gravatar.com\/avatar\/62d98139249b7c3738c5f7447ab943cdbd562a12e4526b2a57bf606df4246c05?s=96&d=mm&r=g","contentUrl":"https:\/\/secure.gravatar.com\/avatar\/62d98139249b7c3738c5f7447ab943cdbd562a12e4526b2a57bf606df4246c05?s=96&d=mm&r=g","caption":"Mireia"},"url":"https:\/\/rehabilitemoscastellon.es\/index.php\/author\/mireia\/"}]}},"_links":{"self":[{"href":"https:\/\/rehabilitemoscastellon.es\/index.php\/wp-json\/wp\/v2\/posts\/372","targetHints":{"allow":["GET"]}}],"collection":[{"href":"https:\/\/rehabilitemoscastellon.es\/index.php\/wp-json\/wp\/v2\/posts"}],"about":[{"href":"https:\/\/rehabilitemoscastellon.es\/index.php\/wp-json\/wp\/v2\/types\/post"}],"author":[{"embeddable":true,"href":"https:\/\/rehabilitemoscastellon.es\/index.php\/wp-json\/wp\/v2\/users\/2"}],"replies":[{"embeddable":true,"href":"https:\/\/rehabilitemoscastellon.es\/index.php\/wp-json\/wp\/v2\/comments?post=372"}],"version-history":[{"count":1,"href":"https:\/\/rehabilitemoscastellon.es\/index.php\/wp-json\/wp\/v2\/posts\/372\/revisions"}],"predecessor-version":[{"id":373,"href":"https:\/\/rehabilitemoscastellon.es\/index.php\/wp-json\/wp\/v2\/posts\/372\/revisions\/373"}],"wp:featuredmedia":[{"embeddable":true,"href":"https:\/\/rehabilitemoscastellon.es\/index.php\/wp-json\/wp\/v2\/media\/33"}],"wp:attachment":[{"href":"https:\/\/rehabilitemoscastellon.es\/index.php\/wp-json\/wp\/v2\/media?parent=372"}],"wp:term":[{"taxonomy":"category","embeddable":true,"href":"https:\/\/rehabilitemoscastellon.es\/index.php\/wp-json\/wp\/v2\/categories?post=372"},{"taxonomy":"post_tag","embeddable":true,"href":"https:\/\/rehabilitemoscastellon.es\/index.php\/wp-json\/wp\/v2\/tags?post=372"}],"curies":[{"name":"wp","href":"https:\/\/api.w.org\/{rel}","templated":true}]}}