{"id":366,"date":"2024-07-22T14:47:49","date_gmt":"2024-07-22T14:47:49","guid":{"rendered":"https:\/\/rehabilitemoscastellon.es\/?p=366"},"modified":"2024-12-03T10:13:58","modified_gmt":"2024-12-03T10:13:58","slug":"transformacio-urbana-a-castello-iniciativa-rehabilitem-castello-impulsa-la-renovacio","status":"publish","type":"post","link":"https:\/\/rehabilitemoscastellon.es\/index.php\/ca\/2024\/07\/22\/transformacio-urbana-a-castello-iniciativa-rehabilitem-castello-impulsa-la-renovacio\/","title":{"rendered":"Transformaci\u00f3 Urbana a Castell\u00f3: Iniciativa \u201cRehabilitem Castell\u00f3\u201d Impulsa la Renovaci\u00f3"},"content":{"rendered":"\n<p>L\u2019Ajuntament de Castell\u00f3 ha posat en marxa l\u2019ambiciosa iniciativa \u201cRehabilitem Castell\u00f3\u201d, amb l\u2019objectiu de revitalitzar la ciutat i millorar la qualitat de vida dels seus habitants. A trav\u00e9s de la rehabilitaci\u00f3 d\u2019edificis i la implementaci\u00f3 de mesures d\u2019efici\u00e8ncia energ\u00e8tica, es busca crear un entorn m\u00e9s pr\u00f2sper, inclusiu i sostenible.<\/p>\n\n\n\n<h3 class=\"wp-block-heading\">Propostes Destacades<\/h3>\n\n\n\n<p>Durant les jornades de participaci\u00f3 ciutadana, es van abordar diversos temes clau:<\/p>\n\n\n\n<p><\/p>\n\n\n\n<ol class=\"wp-block-list\">\n<li><strong>Efici\u00e8ncia Energ\u00e8tica<\/strong>: Es van promoure mesures per reduir el consum energ\u00e8tic en edificis, com la instal\u00b7laci\u00f3 de sistemes d\u2019a\u00efllament t\u00e8rmic exterior (SATE) i la renovaci\u00f3 de finestres.<\/li>\n\n\n\n<li>Millores Estructurals: La retirada de dip\u00f2sits d\u2019amiant i la impermeabilitzaci\u00f3 de fa\u00e7anes van ser prioritats per garantir la seguretat i la salut dels residents.<\/li>\n\n\n\n<li>Participaci\u00f3 Activa: La col\u00b7laboraci\u00f3 dels ve\u00efns va ser essencial per al \u00e8xit del projecte. Les jornades multitudin\u00e0ries van permetre escoltar les seues veus i resoldre dubtes.<\/li>\n<\/ol>\n\n\n\n<h3 class=\"wp-block-heading\">Oficines d\u2019Informaci\u00f3<\/h3>\n\n\n\n<p>Per apropar la iniciativa als ciutadans, s\u2019han establert oficines en dues ubicacions clau:<\/p>\n\n\n\n<ul class=\"wp-block-list\">\n<li><strong>Carrer Teneries, 4<\/strong>: Aqu\u00ed, els interessats poden obtenir informaci\u00f3 detallada sobre el projecte i rebre assessorament personalitzat.<\/li>\n\n\n\n<li><strong>Grau (Oficina M\u00f2bil)<\/strong>: Els dijous de 10:00 a 14:00 i per la vesprada al carrer Trafalgar, l\u2019oficina m\u00f2bil ofereix atenci\u00f3 als qui no poden acudir a la seu principal.<\/li>\n<\/ul>\n\n\n\n<p>\u201cRehabilitem Castell\u00f3\u201d \u00e9s un pas ferm cap a una ciutat m\u00e9s moderna, segura i vibrant. La col\u00b7laboraci\u00f3 de tots \u00e9s fonamental per a aconseguir-ho!<\/p>\n","protected":false},"excerpt":{"rendered":"<p>L\u2019Ajuntament de Castell\u00f3 ha posat en marxa l\u2019ambiciosa iniciativa \u201cRehabilitem Castell\u00f3\u201d, amb l\u2019objectiu de revitalitzar la ciutat i millorar la qualitat de vida dels seus habitants. A trav\u00e9s de la rehabilitaci\u00f3 d\u2019edificis i la implementaci\u00f3 de mesures d\u2019efici\u00e8ncia energ\u00e8tica, es busca crear un entorn m\u00e9s pr\u00f2sper, inclusiu i sostenible. Propostes Destacades Durant les jornades de [&hellip;]<\/p>\n","protected":false},"author":2,"featured_media":362,"comment_status":"open","ping_status":"open","sticky":false,"template":"","format":"standard","meta":{"_et_pb_use_builder":"off","_et_pb_old_content":"<!-- wp:paragraph -->\n<p>L\u2019Ajuntament de Castell\u00f3 ha posat en marxa l\u2019ambiciosa iniciativa \u201cRehabilitem Castell\u00f3\u201d, amb l\u2019objectiu de revitalitzar la ciutat i millorar la qualitat de vida dels seus habitants. A trav\u00e9s de la rehabilitaci\u00f3 d\u2019edificis i la implementaci\u00f3 de mesures d\u2019efici\u00e8ncia energ\u00e8tica, es busca crear un entorn m\u00e9s pr\u00f2sper, inclusiu i sostenible.<\/p>\n<!-- \/wp:paragraph -->\n\n<!-- wp:heading {\"level\":3} -->\n<h3 class=\"wp-block-heading\">Propostes Destacades<\/h3>\n<!-- \/wp:heading -->\n\n<!-- wp:paragraph -->\n<p>Durant les jornades de participaci\u00f3 ciutadana, es van abordar diversos temes clau:<\/p>\n<!-- \/wp:paragraph -->\n\n<!-- wp:paragraph -->\n<p><\/p>\n<!-- \/wp:paragraph -->\n\n<!-- wp:list {\"ordered\":true} -->\n<ol class=\"wp-block-list\"><!-- wp:list-item -->\n<li><strong>Efici\u00e8ncia Energ\u00e8tica<\/strong>: Es van promoure mesures per reduir el consum energ\u00e8tic en edificis, com la instal\u00b7laci\u00f3 de sistemes d\u2019a\u00efllament t\u00e8rmic exterior (SATE) i la renovaci\u00f3 de finestres.<\/li>\n<!-- \/wp:list-item -->\n\n<!-- wp:list-item -->\n<li>Millores Estructurals: La retirada de dip\u00f2sits d\u2019amiant i la impermeabilitzaci\u00f3 de fa\u00e7anes van ser prioritats per garantir la seguretat i la salut dels residents.<\/li>\n<!-- \/wp:list-item -->\n\n<!-- wp:list-item -->\n<li>Participaci\u00f3 Activa: La col\u00b7laboraci\u00f3 dels ve\u00efns va ser essencial per al \u00e8xit del projecte. Les jornades multitudin\u00e0ries van permetre escoltar les seues veus i resoldre dubtes.<\/li>\n<!-- \/wp:list-item --><\/ol>\n<!-- \/wp:list -->\n\n<!-- wp:heading {\"level\":3} -->\n<h3 class=\"wp-block-heading\">Oficines d\u2019Informaci\u00f3<\/h3>\n<!-- \/wp:heading -->\n\n<!-- wp:paragraph -->\n<p>Per apropar la iniciativa als ciutadans, s\u2019han establert oficines en dues ubicacions clau:<\/p>\n<!-- \/wp:paragraph -->\n\n<!-- wp:list -->\n<ul class=\"wp-block-list\"><!-- wp:list-item -->\n<li><strong>Carrer Teneries, 4<\/strong>: Aqu\u00ed, els interessats poden obtenir informaci\u00f3 detallada sobre el projecte i rebre assessorament personalitzat.<\/li>\n<!-- \/wp:list-item -->\n\n<!-- wp:list-item -->\n<li><strong>Grau (Oficina M\u00f2bil)<\/strong>: Els dijous de 10:00 a 14:00 i per la vesprada al carrer Trafalgar, l\u2019oficina m\u00f2bil ofereix atenci\u00f3 als qui no poden acudir a la seu principal.<\/li>\n<!-- \/wp:list-item --><\/ul>\n<!-- \/wp:list -->\n\n<!-- wp:paragraph -->\n<p>\u201cRehabilitem Castell\u00f3\u201d \u00e9s un pas ferm cap a una ciutat m\u00e9s moderna, segura i vibrant. La col\u00b7laboraci\u00f3 de tots \u00e9s fonamental per a aconseguir-ho!<\/p>\n<!-- \/wp:paragraph -->","_et_gb_content_width":"","footnotes":""},"categories":[21],"tags":[],"class_list":["post-366","post","type-post","status-publish","format-standard","has-post-thumbnail","hentry","category-noticies_va"],"yoast_head":"<!-- This site is optimized with the Yoast SEO plugin v22.7 - https:\/\/yoast.com\/wordpress\/plugins\/seo\/ -->\n<title>Transformaci\u00f3 Urbana a Castell\u00f3: Iniciativa \u201cRehabilitem Castell\u00f3\u201d Impulsa la Renovaci\u00f3 - Rehabilitemos Castell&oacute;n<\/title>\n<meta name=\"robots\" content=\"index, follow, max-snippet:-1, max-image-preview:large, max-video-preview:-1\" \/>\n<link rel=\"canonical\" href=\"https:\/\/rehabilitemoscastellon.es\/index.php\/ca\/2024\/07\/22\/transformacio-urbana-a-castello-iniciativa-rehabilitem-castello-impulsa-la-renovacio\/\" \/>\n<meta property=\"og:locale\" content=\"es_ES\" \/>\n<meta property=\"og:type\" content=\"article\" \/>\n<meta property=\"og:title\" content=\"Transformaci\u00f3 Urbana a Castell\u00f3: Iniciativa \u201cRehabilitem Castell\u00f3\u201d Impulsa la Renovaci\u00f3 - Rehabilitemos Castell&oacute;n\" \/>\n<meta property=\"og:description\" content=\"L\u2019Ajuntament de Castell\u00f3 ha posat en marxa l\u2019ambiciosa iniciativa \u201cRehabilitem Castell\u00f3\u201d, amb l\u2019objectiu de revitalitzar la ciutat i millorar la qualitat de vida dels seus habitants. A trav\u00e9s de la rehabilitaci\u00f3 d\u2019edificis i la implementaci\u00f3 de mesures d\u2019efici\u00e8ncia energ\u00e8tica, es busca crear un entorn m\u00e9s pr\u00f2sper, inclusiu i sostenible. Propostes Destacades Durant les jornades de [&hellip;]\" \/>\n<meta property=\"og:url\" content=\"https:\/\/rehabilitemoscastellon.es\/index.php\/ca\/2024\/07\/22\/transformacio-urbana-a-castello-iniciativa-rehabilitem-castello-impulsa-la-renovacio\/\" \/>\n<meta property=\"og:site_name\" content=\"Rehabilitemos Castell&oacute;n\" \/>\n<meta property=\"article:published_time\" content=\"2024-07-22T14:47:49+00:00\" \/>\n<meta property=\"article:modified_time\" content=\"2024-12-03T10:13:58+00:00\" \/>\n<meta property=\"og:image\" content=\"https:\/\/rehabilitemoscastellon.es\/wp-content\/uploads\/2024\/07\/Imagen-de-WhatsApp-2024-07-22-a-las-13.36.06_4554fb34.jpg\" \/>\n\t<meta property=\"og:image:width\" content=\"1536\" \/>\n\t<meta property=\"og:image:height\" content=\"2048\" \/>\n\t<meta property=\"og:image:type\" content=\"image\/jpeg\" \/>\n<meta name=\"author\" content=\"Mireia\" \/>\n<meta name=\"twitter:card\" content=\"summary_large_image\" \/>\n<meta name=\"twitter:label1\" content=\"Escrito por\" \/>\n\t<meta name=\"twitter:data1\" content=\"Mireia\" \/>\n\t<meta name=\"twitter:label2\" content=\"Tiempo de lectura\" \/>\n\t<meta name=\"twitter:data2\" content=\"2 minutos\" \/>\n<script type=\"application\/ld+json\" class=\"yoast-schema-graph\">{\"@context\":\"https:\/\/schema.org\",\"@graph\":[{\"@type\":\"Article\",\"@id\":\"https:\/\/rehabilitemoscastellon.es\/index.php\/ca\/2024\/07\/22\/transformacio-urbana-a-castello-iniciativa-rehabilitem-castello-impulsa-la-renovacio\/#article\",\"isPartOf\":{\"@id\":\"https:\/\/rehabilitemoscastellon.es\/index.php\/ca\/2024\/07\/22\/transformacio-urbana-a-castello-iniciativa-rehabilitem-castello-impulsa-la-renovacio\/\"},\"author\":{\"name\":\"Mireia\",\"@id\":\"https:\/\/rehabilitemoscastellon.es\/#\/schema\/person\/dd69b3d1c7374f9c9cbbf63803680d49\"},\"headline\":\"Transformaci\u00f3 Urbana a Castell\u00f3: Iniciativa \u201cRehabilitem Castell\u00f3\u201d Impulsa la Renovaci\u00f3\",\"datePublished\":\"2024-07-22T14:47:49+00:00\",\"dateModified\":\"2024-12-03T10:13:58+00:00\",\"mainEntityOfPage\":{\"@id\":\"https:\/\/rehabilitemoscastellon.es\/index.php\/ca\/2024\/07\/22\/transformacio-urbana-a-castello-iniciativa-rehabilitem-castello-impulsa-la-renovacio\/\"},\"wordCount\":262,\"commentCount\":0,\"publisher\":{\"@id\":\"https:\/\/rehabilitemoscastellon.es\/#organization\"},\"image\":{\"@id\":\"https:\/\/rehabilitemoscastellon.es\/index.php\/ca\/2024\/07\/22\/transformacio-urbana-a-castello-iniciativa-rehabilitem-castello-impulsa-la-renovacio\/#primaryimage\"},\"thumbnailUrl\":\"https:\/\/rehabilitemoscastellon.es\/wp-content\/uploads\/2024\/07\/Imagen-de-WhatsApp-2024-07-22-a-las-13.36.06_4554fb34.jpg\",\"articleSection\":[\"not\u00edcies_va\"],\"inLanguage\":\"es\",\"potentialAction\":[{\"@type\":\"CommentAction\",\"name\":\"Comment\",\"target\":[\"https:\/\/rehabilitemoscastellon.es\/index.php\/ca\/2024\/07\/22\/transformacio-urbana-a-castello-iniciativa-rehabilitem-castello-impulsa-la-renovacio\/#respond\"]}]},{\"@type\":\"WebPage\",\"@id\":\"https:\/\/rehabilitemoscastellon.es\/index.php\/ca\/2024\/07\/22\/transformacio-urbana-a-castello-iniciativa-rehabilitem-castello-impulsa-la-renovacio\/\",\"url\":\"https:\/\/rehabilitemoscastellon.es\/index.php\/ca\/2024\/07\/22\/transformacio-urbana-a-castello-iniciativa-rehabilitem-castello-impulsa-la-renovacio\/\",\"name\":\"Transformaci\u00f3 Urbana a Castell\u00f3: Iniciativa \u201cRehabilitem Castell\u00f3\u201d Impulsa la Renovaci\u00f3 - Rehabilitemos Castell&oacute;n\",\"isPartOf\":{\"@id\":\"https:\/\/rehabilitemoscastellon.es\/#website\"},\"primaryImageOfPage\":{\"@id\":\"https:\/\/rehabilitemoscastellon.es\/index.php\/ca\/2024\/07\/22\/transformacio-urbana-a-castello-iniciativa-rehabilitem-castello-impulsa-la-renovacio\/#primaryimage\"},\"image\":{\"@id\":\"https:\/\/rehabilitemoscastellon.es\/index.php\/ca\/2024\/07\/22\/transformacio-urbana-a-castello-iniciativa-rehabilitem-castello-impulsa-la-renovacio\/#primaryimage\"},\"thumbnailUrl\":\"https:\/\/rehabilitemoscastellon.es\/wp-content\/uploads\/2024\/07\/Imagen-de-WhatsApp-2024-07-22-a-las-13.36.06_4554fb34.jpg\",\"datePublished\":\"2024-07-22T14:47:49+00:00\",\"dateModified\":\"2024-12-03T10:13:58+00:00\",\"breadcrumb\":{\"@id\":\"https:\/\/rehabilitemoscastellon.es\/index.php\/ca\/2024\/07\/22\/transformacio-urbana-a-castello-iniciativa-rehabilitem-castello-impulsa-la-renovacio\/#breadcrumb\"},\"inLanguage\":\"es\",\"potentialAction\":[{\"@type\":\"ReadAction\",\"target\":[\"https:\/\/rehabilitemoscastellon.es\/index.php\/ca\/2024\/07\/22\/transformacio-urbana-a-castello-iniciativa-rehabilitem-castello-impulsa-la-renovacio\/\"]}]},{\"@type\":\"ImageObject\",\"inLanguage\":\"es\",\"@id\":\"https:\/\/rehabilitemoscastellon.es\/index.php\/ca\/2024\/07\/22\/transformacio-urbana-a-castello-iniciativa-rehabilitem-castello-impulsa-la-renovacio\/#primaryimage\",\"url\":\"https:\/\/rehabilitemoscastellon.es\/wp-content\/uploads\/2024\/07\/Imagen-de-WhatsApp-2024-07-22-a-las-13.36.06_4554fb34.jpg\",\"contentUrl\":\"https:\/\/rehabilitemoscastellon.es\/wp-content\/uploads\/2024\/07\/Imagen-de-WhatsApp-2024-07-22-a-las-13.36.06_4554fb34.jpg\",\"width\":1536,\"height\":2048},{\"@type\":\"BreadcrumbList\",\"@id\":\"https:\/\/rehabilitemoscastellon.es\/index.php\/ca\/2024\/07\/22\/transformacio-urbana-a-castello-iniciativa-rehabilitem-castello-impulsa-la-renovacio\/#breadcrumb\",\"itemListElement\":[{\"@type\":\"ListItem\",\"position\":1,\"name\":\"Portada\",\"item\":\"https:\/\/rehabilitemoscastellon.es\/\"},{\"@type\":\"ListItem\",\"position\":2,\"name\":\"Transformaci\u00f3 Urbana a Castell\u00f3: Iniciativa \u201cRehabilitem Castell\u00f3\u201d Impulsa la Renovaci\u00f3\"}]},{\"@type\":\"WebSite\",\"@id\":\"https:\/\/rehabilitemoscastellon.es\/#website\",\"url\":\"https:\/\/rehabilitemoscastellon.es\/\",\"name\":\"Rehabilitemos Castell\u00f3n\",\"description\":\"Mejoramos vivienda, edificios y barrios\",\"publisher\":{\"@id\":\"https:\/\/rehabilitemoscastellon.es\/#organization\"},\"potentialAction\":[{\"@type\":\"SearchAction\",\"target\":{\"@type\":\"EntryPoint\",\"urlTemplate\":\"https:\/\/rehabilitemoscastellon.es\/?s={search_term_string}\"},\"query-input\":\"required name=search_term_string\"}],\"inLanguage\":\"es\"},{\"@type\":\"Organization\",\"@id\":\"https:\/\/rehabilitemoscastellon.es\/#organization\",\"name\":\"Rehabilitemos Castell\u00f3n\",\"url\":\"https:\/\/rehabilitemoscastellon.es\/\",\"logo\":{\"@type\":\"ImageObject\",\"inLanguage\":\"es\",\"@id\":\"https:\/\/rehabilitemoscastellon.es\/#\/schema\/logo\/image\/\",\"url\":\"http:\/\/rehabilitemoscastellon.es\/wp-content\/uploads\/2024\/05\/logotipo_color.png\",\"contentUrl\":\"http:\/\/rehabilitemoscastellon.es\/wp-content\/uploads\/2024\/05\/logotipo_color.png\",\"width\":2730,\"height\":1174,\"caption\":\"Rehabilitemos Castell\u00f3n\"},\"image\":{\"@id\":\"https:\/\/rehabilitemoscastellon.es\/#\/schema\/logo\/image\/\"}},{\"@type\":\"Person\",\"@id\":\"https:\/\/rehabilitemoscastellon.es\/#\/schema\/person\/dd69b3d1c7374f9c9cbbf63803680d49\",\"name\":\"Mireia\",\"image\":{\"@type\":\"ImageObject\",\"inLanguage\":\"es\",\"@id\":\"https:\/\/rehabilitemoscastellon.es\/#\/schema\/person\/image\/\",\"url\":\"https:\/\/secure.gravatar.com\/avatar\/62d98139249b7c3738c5f7447ab943cdbd562a12e4526b2a57bf606df4246c05?s=96&d=mm&r=g\",\"contentUrl\":\"https:\/\/secure.gravatar.com\/avatar\/62d98139249b7c3738c5f7447ab943cdbd562a12e4526b2a57bf606df4246c05?s=96&d=mm&r=g\",\"caption\":\"Mireia\"},\"url\":\"https:\/\/rehabilitemoscastellon.es\/index.php\/author\/mireia\/\"}]}<\/script>\n<!-- \/ Yoast SEO plugin. -->","yoast_head_json":{"title":"Transformaci\u00f3 Urbana a Castell\u00f3: Iniciativa \u201cRehabilitem Castell\u00f3\u201d Impulsa la Renovaci\u00f3 - Rehabilitemos Castell&oacute;n","robots":{"index":"index","follow":"follow","max-snippet":"max-snippet:-1","max-image-preview":"max-image-preview:large","max-video-preview":"max-video-preview:-1"},"canonical":"https:\/\/rehabilitemoscastellon.es\/index.php\/ca\/2024\/07\/22\/transformacio-urbana-a-castello-iniciativa-rehabilitem-castello-impulsa-la-renovacio\/","og_locale":"es_ES","og_type":"article","og_title":"Transformaci\u00f3 Urbana a Castell\u00f3: Iniciativa \u201cRehabilitem Castell\u00f3\u201d Impulsa la Renovaci\u00f3 - Rehabilitemos Castell&oacute;n","og_description":"L\u2019Ajuntament de Castell\u00f3 ha posat en marxa l\u2019ambiciosa iniciativa \u201cRehabilitem Castell\u00f3\u201d, amb l\u2019objectiu de revitalitzar la ciutat i millorar la qualitat de vida dels seus habitants. A trav\u00e9s de la rehabilitaci\u00f3 d\u2019edificis i la implementaci\u00f3 de mesures d\u2019efici\u00e8ncia energ\u00e8tica, es busca crear un entorn m\u00e9s pr\u00f2sper, inclusiu i sostenible. Propostes Destacades Durant les jornades de [&hellip;]","og_url":"https:\/\/rehabilitemoscastellon.es\/index.php\/ca\/2024\/07\/22\/transformacio-urbana-a-castello-iniciativa-rehabilitem-castello-impulsa-la-renovacio\/","og_site_name":"Rehabilitemos Castell&oacute;n","article_published_time":"2024-07-22T14:47:49+00:00","article_modified_time":"2024-12-03T10:13:58+00:00","og_image":[{"width":1536,"height":2048,"url":"https:\/\/rehabilitemoscastellon.es\/wp-content\/uploads\/2024\/07\/Imagen-de-WhatsApp-2024-07-22-a-las-13.36.06_4554fb34.jpg","type":"image\/jpeg"}],"author":"Mireia","twitter_card":"summary_large_image","twitter_misc":{"Escrito por":"Mireia","Tiempo de lectura":"2 minutos"},"schema":{"@context":"https:\/\/schema.org","@graph":[{"@type":"Article","@id":"https:\/\/rehabilitemoscastellon.es\/index.php\/ca\/2024\/07\/22\/transformacio-urbana-a-castello-iniciativa-rehabilitem-castello-impulsa-la-renovacio\/#article","isPartOf":{"@id":"https:\/\/rehabilitemoscastellon.es\/index.php\/ca\/2024\/07\/22\/transformacio-urbana-a-castello-iniciativa-rehabilitem-castello-impulsa-la-renovacio\/"},"author":{"name":"Mireia","@id":"https:\/\/rehabilitemoscastellon.es\/#\/schema\/person\/dd69b3d1c7374f9c9cbbf63803680d49"},"headline":"Transformaci\u00f3 Urbana a Castell\u00f3: Iniciativa \u201cRehabilitem Castell\u00f3\u201d Impulsa la Renovaci\u00f3","datePublished":"2024-07-22T14:47:49+00:00","dateModified":"2024-12-03T10:13:58+00:00","mainEntityOfPage":{"@id":"https:\/\/rehabilitemoscastellon.es\/index.php\/ca\/2024\/07\/22\/transformacio-urbana-a-castello-iniciativa-rehabilitem-castello-impulsa-la-renovacio\/"},"wordCount":262,"commentCount":0,"publisher":{"@id":"https:\/\/rehabilitemoscastellon.es\/#organization"},"image":{"@id":"https:\/\/rehabilitemoscastellon.es\/index.php\/ca\/2024\/07\/22\/transformacio-urbana-a-castello-iniciativa-rehabilitem-castello-impulsa-la-renovacio\/#primaryimage"},"thumbnailUrl":"https:\/\/rehabilitemoscastellon.es\/wp-content\/uploads\/2024\/07\/Imagen-de-WhatsApp-2024-07-22-a-las-13.36.06_4554fb34.jpg","articleSection":["not\u00edcies_va"],"inLanguage":"es","potentialAction":[{"@type":"CommentAction","name":"Comment","target":["https:\/\/rehabilitemoscastellon.es\/index.php\/ca\/2024\/07\/22\/transformacio-urbana-a-castello-iniciativa-rehabilitem-castello-impulsa-la-renovacio\/#respond"]}]},{"@type":"WebPage","@id":"https:\/\/rehabilitemoscastellon.es\/index.php\/ca\/2024\/07\/22\/transformacio-urbana-a-castello-iniciativa-rehabilitem-castello-impulsa-la-renovacio\/","url":"https:\/\/rehabilitemoscastellon.es\/index.php\/ca\/2024\/07\/22\/transformacio-urbana-a-castello-iniciativa-rehabilitem-castello-impulsa-la-renovacio\/","name":"Transformaci\u00f3 Urbana a Castell\u00f3: Iniciativa \u201cRehabilitem Castell\u00f3\u201d Impulsa la Renovaci\u00f3 - Rehabilitemos Castell&oacute;n","isPartOf":{"@id":"https:\/\/rehabilitemoscastellon.es\/#website"},"primaryImageOfPage":{"@id":"https:\/\/rehabilitemoscastellon.es\/index.php\/ca\/2024\/07\/22\/transformacio-urbana-a-castello-iniciativa-rehabilitem-castello-impulsa-la-renovacio\/#primaryimage"},"image":{"@id":"https:\/\/rehabilitemoscastellon.es\/index.php\/ca\/2024\/07\/22\/transformacio-urbana-a-castello-iniciativa-rehabilitem-castello-impulsa-la-renovacio\/#primaryimage"},"thumbnailUrl":"https:\/\/rehabilitemoscastellon.es\/wp-content\/uploads\/2024\/07\/Imagen-de-WhatsApp-2024-07-22-a-las-13.36.06_4554fb34.jpg","datePublished":"2024-07-22T14:47:49+00:00","dateModified":"2024-12-03T10:13:58+00:00","breadcrumb":{"@id":"https:\/\/rehabilitemoscastellon.es\/index.php\/ca\/2024\/07\/22\/transformacio-urbana-a-castello-iniciativa-rehabilitem-castello-impulsa-la-renovacio\/#breadcrumb"},"inLanguage":"es","potentialAction":[{"@type":"ReadAction","target":["https:\/\/rehabilitemoscastellon.es\/index.php\/ca\/2024\/07\/22\/transformacio-urbana-a-castello-iniciativa-rehabilitem-castello-impulsa-la-renovacio\/"]}]},{"@type":"ImageObject","inLanguage":"es","@id":"https:\/\/rehabilitemoscastellon.es\/index.php\/ca\/2024\/07\/22\/transformacio-urbana-a-castello-iniciativa-rehabilitem-castello-impulsa-la-renovacio\/#primaryimage","url":"https:\/\/rehabilitemoscastellon.es\/wp-content\/uploads\/2024\/07\/Imagen-de-WhatsApp-2024-07-22-a-las-13.36.06_4554fb34.jpg","contentUrl":"https:\/\/rehabilitemoscastellon.es\/wp-content\/uploads\/2024\/07\/Imagen-de-WhatsApp-2024-07-22-a-las-13.36.06_4554fb34.jpg","width":1536,"height":2048},{"@type":"BreadcrumbList","@id":"https:\/\/rehabilitemoscastellon.es\/index.php\/ca\/2024\/07\/22\/transformacio-urbana-a-castello-iniciativa-rehabilitem-castello-impulsa-la-renovacio\/#breadcrumb","itemListElement":[{"@type":"ListItem","position":1,"name":"Portada","item":"https:\/\/rehabilitemoscastellon.es\/"},{"@type":"ListItem","position":2,"name":"Transformaci\u00f3 Urbana a Castell\u00f3: Iniciativa \u201cRehabilitem Castell\u00f3\u201d Impulsa la Renovaci\u00f3"}]},{"@type":"WebSite","@id":"https:\/\/rehabilitemoscastellon.es\/#website","url":"https:\/\/rehabilitemoscastellon.es\/","name":"Rehabilitemos Castell\u00f3n","description":"Mejoramos vivienda, edificios y barrios","publisher":{"@id":"https:\/\/rehabilitemoscastellon.es\/#organization"},"potentialAction":[{"@type":"SearchAction","target":{"@type":"EntryPoint","urlTemplate":"https:\/\/rehabilitemoscastellon.es\/?s={search_term_string}"},"query-input":"required name=search_term_string"}],"inLanguage":"es"},{"@type":"Organization","@id":"https:\/\/rehabilitemoscastellon.es\/#organization","name":"Rehabilitemos Castell\u00f3n","url":"https:\/\/rehabilitemoscastellon.es\/","logo":{"@type":"ImageObject","inLanguage":"es","@id":"https:\/\/rehabilitemoscastellon.es\/#\/schema\/logo\/image\/","url":"http:\/\/rehabilitemoscastellon.es\/wp-content\/uploads\/2024\/05\/logotipo_color.png","contentUrl":"http:\/\/rehabilitemoscastellon.es\/wp-content\/uploads\/2024\/05\/logotipo_color.png","width":2730,"height":1174,"caption":"Rehabilitemos Castell\u00f3n"},"image":{"@id":"https:\/\/rehabilitemoscastellon.es\/#\/schema\/logo\/image\/"}},{"@type":"Person","@id":"https:\/\/rehabilitemoscastellon.es\/#\/schema\/person\/dd69b3d1c7374f9c9cbbf63803680d49","name":"Mireia","image":{"@type":"ImageObject","inLanguage":"es","@id":"https:\/\/rehabilitemoscastellon.es\/#\/schema\/person\/image\/","url":"https:\/\/secure.gravatar.com\/avatar\/62d98139249b7c3738c5f7447ab943cdbd562a12e4526b2a57bf606df4246c05?s=96&d=mm&r=g","contentUrl":"https:\/\/secure.gravatar.com\/avatar\/62d98139249b7c3738c5f7447ab943cdbd562a12e4526b2a57bf606df4246c05?s=96&d=mm&r=g","caption":"Mireia"},"url":"https:\/\/rehabilitemoscastellon.es\/index.php\/author\/mireia\/"}]}},"_links":{"self":[{"href":"https:\/\/rehabilitemoscastellon.es\/index.php\/wp-json\/wp\/v2\/posts\/366","targetHints":{"allow":["GET"]}}],"collection":[{"href":"https:\/\/rehabilitemoscastellon.es\/index.php\/wp-json\/wp\/v2\/posts"}],"about":[{"href":"https:\/\/rehabilitemoscastellon.es\/index.php\/wp-json\/wp\/v2\/types\/post"}],"author":[{"embeddable":true,"href":"https:\/\/rehabilitemoscastellon.es\/index.php\/wp-json\/wp\/v2\/users\/2"}],"replies":[{"embeddable":true,"href":"https:\/\/rehabilitemoscastellon.es\/index.php\/wp-json\/wp\/v2\/comments?post=366"}],"version-history":[{"count":2,"href":"https:\/\/rehabilitemoscastellon.es\/index.php\/wp-json\/wp\/v2\/posts\/366\/revisions"}],"predecessor-version":[{"id":368,"href":"https:\/\/rehabilitemoscastellon.es\/index.php\/wp-json\/wp\/v2\/posts\/366\/revisions\/368"}],"wp:featuredmedia":[{"embeddable":true,"href":"https:\/\/rehabilitemoscastellon.es\/index.php\/wp-json\/wp\/v2\/media\/362"}],"wp:attachment":[{"href":"https:\/\/rehabilitemoscastellon.es\/index.php\/wp-json\/wp\/v2\/media?parent=366"}],"wp:term":[{"taxonomy":"category","embeddable":true,"href":"https:\/\/rehabilitemoscastellon.es\/index.php\/wp-json\/wp\/v2\/categories?post=366"},{"taxonomy":"post_tag","embeddable":true,"href":"https:\/\/rehabilitemoscastellon.es\/index.php\/wp-json\/wp\/v2\/tags?post=366"}],"curies":[{"name":"wp","href":"https:\/\/api.w.org\/{rel}","templated":true}]}}