{"id":360,"date":"2024-07-22T14:43:31","date_gmt":"2024-07-22T14:43:31","guid":{"rendered":"https:\/\/rehabilitemoscastellon.es\/?p=360"},"modified":"2024-07-22T14:45:44","modified_gmt":"2024-07-22T14:45:44","slug":"transformacion-urbana-en-castellon-iniciativa-rehabilitemos-castellon-impulsa-la-renovacion","status":"publish","type":"post","link":"https:\/\/rehabilitemoscastellon.es\/index.php\/2024\/07\/22\/transformacion-urbana-en-castellon-iniciativa-rehabilitemos-castellon-impulsa-la-renovacion\/","title":{"rendered":"Transformaci\u00f3n Urbana en Castell\u00f3n: Iniciativa \u2018Rehabilitemos Castell\u00f3n\u2019 Impulsa la Renovaci\u00f3n"},"content":{"rendered":"\n<p>En un esfuerzo conjunto, los habitantes de Castell\u00f3n han dado un paso al frente para transformar su ciudad. El Ayuntamiento de Castell\u00f3n ha puesto en marcha la ambiciosa iniciativa \u201cRehabilitemos Castell\u00f3n\u201d, con el objetivo de revitalizar la ciudad y mejorar la calidad de vida de sus habitantes. A trav\u00e9s de la rehabilitaci\u00f3n de edificios y la implementaci\u00f3n de medidas de eficiencia energ\u00e9tica, se busca crear un entorno m\u00e1s pr\u00f3spero, inclusivo y sostenible.<\/p>\n\n\n\n<h3 class=\"wp-block-heading\">Propuestas Destacadas<\/h3>\n\n\n\n<p>Durante las jornadas de participaci\u00f3n ciudadana, se abordaron diversos temas clave:<\/p>\n\n\n\n<ol class=\"wp-block-list\">\n<li><strong>Eficiencia Energ\u00e9tica:<\/strong> Se promovieron medidas para reducir el consumo energ\u00e9tico en edificios, como la instalaci\u00f3n de sistemas de aislamiento t\u00e9rmico exterior (SATE) y la renovaci\u00f3n de ventanas.<\/li>\n\n\n\n<li><strong>Mejoras Estructurales:<\/strong> La retirada de dep\u00f3sitos de amianto y la impermeabilizaci\u00f3n de fachadas fueron prioridades para garantizar la seguridad y la salud de los residentes.<\/li>\n\n\n\n<li><strong>Participaci\u00f3n Activa:<\/strong> La colaboraci\u00f3n de los vecinos fue esencial para el \u00e9xito del proyecto. Las jornadas multitudinarias permitieron escuchar sus voces y resolver dudas.<\/li>\n<\/ol>\n\n\n\n<h3 class=\"wp-block-heading\">Oficinas de Informaci\u00f3n<\/h3>\n\n\n\n<p>Para acercar la iniciativa a los ciudadanos, se han establecido oficinas en dos ubicaciones clave:<\/p>\n\n\n\n<ul class=\"wp-block-list\">\n<li><strong>Calle Tener\u00edas, 4<\/strong>: Aqu\u00ed, los interesados pueden obtener informaci\u00f3n detallada sobre el proyecto y recibir asesoramiento personalizado.<\/li>\n\n\n\n<li><strong>Grao (Oficina M\u00f3vil)<\/strong>: Los jueves de 10:00 a 14:00 y por la tarde en la calle Trafalgar, la oficina m\u00f3vil brinda atenci\u00f3n a quienes no pueden acudir a la sede principal.<\/li>\n<\/ul>\n\n\n\n<p>\u201cRehabilitemos Castell\u00f3n\u201d es un paso firme hacia una ciudad m\u00e1s moderna, segura y vibrante. \u00a1La colaboraci\u00f3n de todos es fundamental para lograrlo!<\/p>\n","protected":false},"excerpt":{"rendered":"<p>En un esfuerzo conjunto, los habitantes de Castell\u00f3n han dado un paso al frente para transformar su ciudad. El Ayuntamiento de Castell\u00f3n ha puesto en marcha la ambiciosa iniciativa \u201cRehabilitemos Castell\u00f3n\u201d, con el objetivo de revitalizar la ciudad y mejorar la calidad de vida de sus habitantes. A trav\u00e9s de la rehabilitaci\u00f3n de edificios y [&hellip;]<\/p>\n","protected":false},"author":2,"featured_media":362,"comment_status":"open","ping_status":"open","sticky":false,"template":"","format":"standard","meta":{"_et_pb_use_builder":"off","_et_pb_old_content":"","_et_gb_content_width":"","footnotes":""},"categories":[19],"tags":[],"class_list":["post-360","post","type-post","status-publish","format-standard","has-post-thumbnail","hentry","category-noticias_es"],"yoast_head":"<!-- This site is optimized with the Yoast SEO plugin v22.7 - https:\/\/yoast.com\/wordpress\/plugins\/seo\/ -->\n<title>Transformaci\u00f3n Urbana en Castell\u00f3n: Iniciativa \u2018Rehabilitemos Castell\u00f3n\u2019 Impulsa la Renovaci\u00f3n - Rehabilitemos Castell&oacute;n<\/title>\n<meta name=\"robots\" content=\"index, follow, max-snippet:-1, max-image-preview:large, max-video-preview:-1\" \/>\n<link rel=\"canonical\" href=\"https:\/\/rehabilitemoscastellon.es\/index.php\/2024\/07\/22\/transformacion-urbana-en-castellon-iniciativa-rehabilitemos-castellon-impulsa-la-renovacion\/\" \/>\n<meta property=\"og:locale\" content=\"es_ES\" \/>\n<meta property=\"og:type\" content=\"article\" \/>\n<meta property=\"og:title\" content=\"Transformaci\u00f3n Urbana en Castell\u00f3n: Iniciativa \u2018Rehabilitemos Castell\u00f3n\u2019 Impulsa la Renovaci\u00f3n - Rehabilitemos Castell&oacute;n\" \/>\n<meta property=\"og:description\" content=\"En un esfuerzo conjunto, los habitantes de Castell\u00f3n han dado un paso al frente para transformar su ciudad. El Ayuntamiento de Castell\u00f3n ha puesto en marcha la ambiciosa iniciativa \u201cRehabilitemos Castell\u00f3n\u201d, con el objetivo de revitalizar la ciudad y mejorar la calidad de vida de sus habitantes. A trav\u00e9s de la rehabilitaci\u00f3n de edificios y [&hellip;]\" \/>\n<meta property=\"og:url\" content=\"https:\/\/rehabilitemoscastellon.es\/index.php\/2024\/07\/22\/transformacion-urbana-en-castellon-iniciativa-rehabilitemos-castellon-impulsa-la-renovacion\/\" \/>\n<meta property=\"og:site_name\" content=\"Rehabilitemos Castell&oacute;n\" \/>\n<meta property=\"article:published_time\" content=\"2024-07-22T14:43:31+00:00\" \/>\n<meta property=\"article:modified_time\" content=\"2024-07-22T14:45:44+00:00\" \/>\n<meta property=\"og:image\" content=\"https:\/\/rehabilitemoscastellon.es\/wp-content\/uploads\/2024\/07\/Imagen-de-WhatsApp-2024-07-22-a-las-13.36.06_4554fb34.jpg\" \/>\n\t<meta property=\"og:image:width\" content=\"1536\" \/>\n\t<meta property=\"og:image:height\" content=\"2048\" \/>\n\t<meta property=\"og:image:type\" content=\"image\/jpeg\" \/>\n<meta name=\"author\" content=\"Mireia\" \/>\n<meta name=\"twitter:card\" content=\"summary_large_image\" \/>\n<meta name=\"twitter:label1\" content=\"Escrito por\" \/>\n\t<meta name=\"twitter:data1\" content=\"Mireia\" \/>\n\t<meta name=\"twitter:label2\" content=\"Tiempo de lectura\" \/>\n\t<meta name=\"twitter:data2\" content=\"2 minutos\" \/>\n<script type=\"application\/ld+json\" class=\"yoast-schema-graph\">{\"@context\":\"https:\/\/schema.org\",\"@graph\":[{\"@type\":\"Article\",\"@id\":\"https:\/\/rehabilitemoscastellon.es\/index.php\/2024\/07\/22\/transformacion-urbana-en-castellon-iniciativa-rehabilitemos-castellon-impulsa-la-renovacion\/#article\",\"isPartOf\":{\"@id\":\"https:\/\/rehabilitemoscastellon.es\/index.php\/2024\/07\/22\/transformacion-urbana-en-castellon-iniciativa-rehabilitemos-castellon-impulsa-la-renovacion\/\"},\"author\":{\"name\":\"Mireia\",\"@id\":\"https:\/\/rehabilitemoscastellon.es\/#\/schema\/person\/dd69b3d1c7374f9c9cbbf63803680d49\"},\"headline\":\"Transformaci\u00f3n Urbana en Castell\u00f3n: Iniciativa \u2018Rehabilitemos Castell\u00f3n\u2019 Impulsa la Renovaci\u00f3n\",\"datePublished\":\"2024-07-22T14:43:31+00:00\",\"dateModified\":\"2024-07-22T14:45:44+00:00\",\"mainEntityOfPage\":{\"@id\":\"https:\/\/rehabilitemoscastellon.es\/index.php\/2024\/07\/22\/transformacion-urbana-en-castellon-iniciativa-rehabilitemos-castellon-impulsa-la-renovacion\/\"},\"wordCount\":288,\"commentCount\":0,\"publisher\":{\"@id\":\"https:\/\/rehabilitemoscastellon.es\/#organization\"},\"image\":{\"@id\":\"https:\/\/rehabilitemoscastellon.es\/index.php\/2024\/07\/22\/transformacion-urbana-en-castellon-iniciativa-rehabilitemos-castellon-impulsa-la-renovacion\/#primaryimage\"},\"thumbnailUrl\":\"https:\/\/rehabilitemoscastellon.es\/wp-content\/uploads\/2024\/07\/Imagen-de-WhatsApp-2024-07-22-a-las-13.36.06_4554fb34.jpg\",\"articleSection\":[\"noticias_es\"],\"inLanguage\":\"es\",\"potentialAction\":[{\"@type\":\"CommentAction\",\"name\":\"Comment\",\"target\":[\"https:\/\/rehabilitemoscastellon.es\/index.php\/2024\/07\/22\/transformacion-urbana-en-castellon-iniciativa-rehabilitemos-castellon-impulsa-la-renovacion\/#respond\"]}]},{\"@type\":\"WebPage\",\"@id\":\"https:\/\/rehabilitemoscastellon.es\/index.php\/2024\/07\/22\/transformacion-urbana-en-castellon-iniciativa-rehabilitemos-castellon-impulsa-la-renovacion\/\",\"url\":\"https:\/\/rehabilitemoscastellon.es\/index.php\/2024\/07\/22\/transformacion-urbana-en-castellon-iniciativa-rehabilitemos-castellon-impulsa-la-renovacion\/\",\"name\":\"Transformaci\u00f3n Urbana en Castell\u00f3n: Iniciativa \u2018Rehabilitemos Castell\u00f3n\u2019 Impulsa la Renovaci\u00f3n - Rehabilitemos Castell&oacute;n\",\"isPartOf\":{\"@id\":\"https:\/\/rehabilitemoscastellon.es\/#website\"},\"primaryImageOfPage\":{\"@id\":\"https:\/\/rehabilitemoscastellon.es\/index.php\/2024\/07\/22\/transformacion-urbana-en-castellon-iniciativa-rehabilitemos-castellon-impulsa-la-renovacion\/#primaryimage\"},\"image\":{\"@id\":\"https:\/\/rehabilitemoscastellon.es\/index.php\/2024\/07\/22\/transformacion-urbana-en-castellon-iniciativa-rehabilitemos-castellon-impulsa-la-renovacion\/#primaryimage\"},\"thumbnailUrl\":\"https:\/\/rehabilitemoscastellon.es\/wp-content\/uploads\/2024\/07\/Imagen-de-WhatsApp-2024-07-22-a-las-13.36.06_4554fb34.jpg\",\"datePublished\":\"2024-07-22T14:43:31+00:00\",\"dateModified\":\"2024-07-22T14:45:44+00:00\",\"breadcrumb\":{\"@id\":\"https:\/\/rehabilitemoscastellon.es\/index.php\/2024\/07\/22\/transformacion-urbana-en-castellon-iniciativa-rehabilitemos-castellon-impulsa-la-renovacion\/#breadcrumb\"},\"inLanguage\":\"es\",\"potentialAction\":[{\"@type\":\"ReadAction\",\"target\":[\"https:\/\/rehabilitemoscastellon.es\/index.php\/2024\/07\/22\/transformacion-urbana-en-castellon-iniciativa-rehabilitemos-castellon-impulsa-la-renovacion\/\"]}]},{\"@type\":\"ImageObject\",\"inLanguage\":\"es\",\"@id\":\"https:\/\/rehabilitemoscastellon.es\/index.php\/2024\/07\/22\/transformacion-urbana-en-castellon-iniciativa-rehabilitemos-castellon-impulsa-la-renovacion\/#primaryimage\",\"url\":\"https:\/\/rehabilitemoscastellon.es\/wp-content\/uploads\/2024\/07\/Imagen-de-WhatsApp-2024-07-22-a-las-13.36.06_4554fb34.jpg\",\"contentUrl\":\"https:\/\/rehabilitemoscastellon.es\/wp-content\/uploads\/2024\/07\/Imagen-de-WhatsApp-2024-07-22-a-las-13.36.06_4554fb34.jpg\",\"width\":1536,\"height\":2048},{\"@type\":\"BreadcrumbList\",\"@id\":\"https:\/\/rehabilitemoscastellon.es\/index.php\/2024\/07\/22\/transformacion-urbana-en-castellon-iniciativa-rehabilitemos-castellon-impulsa-la-renovacion\/#breadcrumb\",\"itemListElement\":[{\"@type\":\"ListItem\",\"position\":1,\"name\":\"Portada\",\"item\":\"https:\/\/rehabilitemoscastellon.es\/\"},{\"@type\":\"ListItem\",\"position\":2,\"name\":\"Transformaci\u00f3n Urbana en Castell\u00f3n: Iniciativa \u2018Rehabilitemos Castell\u00f3n\u2019 Impulsa la Renovaci\u00f3n\"}]},{\"@type\":\"WebSite\",\"@id\":\"https:\/\/rehabilitemoscastellon.es\/#website\",\"url\":\"https:\/\/rehabilitemoscastellon.es\/\",\"name\":\"Rehabilitemos Castell\u00f3n\",\"description\":\"Mejoramos vivienda, edificios y barrios\",\"publisher\":{\"@id\":\"https:\/\/rehabilitemoscastellon.es\/#organization\"},\"potentialAction\":[{\"@type\":\"SearchAction\",\"target\":{\"@type\":\"EntryPoint\",\"urlTemplate\":\"https:\/\/rehabilitemoscastellon.es\/?s={search_term_string}\"},\"query-input\":\"required name=search_term_string\"}],\"inLanguage\":\"es\"},{\"@type\":\"Organization\",\"@id\":\"https:\/\/rehabilitemoscastellon.es\/#organization\",\"name\":\"Rehabilitemos Castell\u00f3n\",\"url\":\"https:\/\/rehabilitemoscastellon.es\/\",\"logo\":{\"@type\":\"ImageObject\",\"inLanguage\":\"es\",\"@id\":\"https:\/\/rehabilitemoscastellon.es\/#\/schema\/logo\/image\/\",\"url\":\"http:\/\/rehabilitemoscastellon.es\/wp-content\/uploads\/2024\/05\/logotipo_color.png\",\"contentUrl\":\"http:\/\/rehabilitemoscastellon.es\/wp-content\/uploads\/2024\/05\/logotipo_color.png\",\"width\":2730,\"height\":1174,\"caption\":\"Rehabilitemos Castell\u00f3n\"},\"image\":{\"@id\":\"https:\/\/rehabilitemoscastellon.es\/#\/schema\/logo\/image\/\"}},{\"@type\":\"Person\",\"@id\":\"https:\/\/rehabilitemoscastellon.es\/#\/schema\/person\/dd69b3d1c7374f9c9cbbf63803680d49\",\"name\":\"Mireia\",\"image\":{\"@type\":\"ImageObject\",\"inLanguage\":\"es\",\"@id\":\"https:\/\/rehabilitemoscastellon.es\/#\/schema\/person\/image\/\",\"url\":\"https:\/\/secure.gravatar.com\/avatar\/62d98139249b7c3738c5f7447ab943cdbd562a12e4526b2a57bf606df4246c05?s=96&d=mm&r=g\",\"contentUrl\":\"https:\/\/secure.gravatar.com\/avatar\/62d98139249b7c3738c5f7447ab943cdbd562a12e4526b2a57bf606df4246c05?s=96&d=mm&r=g\",\"caption\":\"Mireia\"},\"url\":\"https:\/\/rehabilitemoscastellon.es\/index.php\/author\/mireia\/\"}]}<\/script>\n<!-- \/ Yoast SEO plugin. -->","yoast_head_json":{"title":"Transformaci\u00f3n Urbana en Castell\u00f3n: Iniciativa \u2018Rehabilitemos Castell\u00f3n\u2019 Impulsa la Renovaci\u00f3n - Rehabilitemos Castell&oacute;n","robots":{"index":"index","follow":"follow","max-snippet":"max-snippet:-1","max-image-preview":"max-image-preview:large","max-video-preview":"max-video-preview:-1"},"canonical":"https:\/\/rehabilitemoscastellon.es\/index.php\/2024\/07\/22\/transformacion-urbana-en-castellon-iniciativa-rehabilitemos-castellon-impulsa-la-renovacion\/","og_locale":"es_ES","og_type":"article","og_title":"Transformaci\u00f3n Urbana en Castell\u00f3n: Iniciativa \u2018Rehabilitemos Castell\u00f3n\u2019 Impulsa la Renovaci\u00f3n - Rehabilitemos Castell&oacute;n","og_description":"En un esfuerzo conjunto, los habitantes de Castell\u00f3n han dado un paso al frente para transformar su ciudad. El Ayuntamiento de Castell\u00f3n ha puesto en marcha la ambiciosa iniciativa \u201cRehabilitemos Castell\u00f3n\u201d, con el objetivo de revitalizar la ciudad y mejorar la calidad de vida de sus habitantes. A trav\u00e9s de la rehabilitaci\u00f3n de edificios y [&hellip;]","og_url":"https:\/\/rehabilitemoscastellon.es\/index.php\/2024\/07\/22\/transformacion-urbana-en-castellon-iniciativa-rehabilitemos-castellon-impulsa-la-renovacion\/","og_site_name":"Rehabilitemos Castell&oacute;n","article_published_time":"2024-07-22T14:43:31+00:00","article_modified_time":"2024-07-22T14:45:44+00:00","og_image":[{"width":1536,"height":2048,"url":"https:\/\/rehabilitemoscastellon.es\/wp-content\/uploads\/2024\/07\/Imagen-de-WhatsApp-2024-07-22-a-las-13.36.06_4554fb34.jpg","type":"image\/jpeg"}],"author":"Mireia","twitter_card":"summary_large_image","twitter_misc":{"Escrito por":"Mireia","Tiempo de lectura":"2 minutos"},"schema":{"@context":"https:\/\/schema.org","@graph":[{"@type":"Article","@id":"https:\/\/rehabilitemoscastellon.es\/index.php\/2024\/07\/22\/transformacion-urbana-en-castellon-iniciativa-rehabilitemos-castellon-impulsa-la-renovacion\/#article","isPartOf":{"@id":"https:\/\/rehabilitemoscastellon.es\/index.php\/2024\/07\/22\/transformacion-urbana-en-castellon-iniciativa-rehabilitemos-castellon-impulsa-la-renovacion\/"},"author":{"name":"Mireia","@id":"https:\/\/rehabilitemoscastellon.es\/#\/schema\/person\/dd69b3d1c7374f9c9cbbf63803680d49"},"headline":"Transformaci\u00f3n Urbana en Castell\u00f3n: Iniciativa \u2018Rehabilitemos Castell\u00f3n\u2019 Impulsa la Renovaci\u00f3n","datePublished":"2024-07-22T14:43:31+00:00","dateModified":"2024-07-22T14:45:44+00:00","mainEntityOfPage":{"@id":"https:\/\/rehabilitemoscastellon.es\/index.php\/2024\/07\/22\/transformacion-urbana-en-castellon-iniciativa-rehabilitemos-castellon-impulsa-la-renovacion\/"},"wordCount":288,"commentCount":0,"publisher":{"@id":"https:\/\/rehabilitemoscastellon.es\/#organization"},"image":{"@id":"https:\/\/rehabilitemoscastellon.es\/index.php\/2024\/07\/22\/transformacion-urbana-en-castellon-iniciativa-rehabilitemos-castellon-impulsa-la-renovacion\/#primaryimage"},"thumbnailUrl":"https:\/\/rehabilitemoscastellon.es\/wp-content\/uploads\/2024\/07\/Imagen-de-WhatsApp-2024-07-22-a-las-13.36.06_4554fb34.jpg","articleSection":["noticias_es"],"inLanguage":"es","potentialAction":[{"@type":"CommentAction","name":"Comment","target":["https:\/\/rehabilitemoscastellon.es\/index.php\/2024\/07\/22\/transformacion-urbana-en-castellon-iniciativa-rehabilitemos-castellon-impulsa-la-renovacion\/#respond"]}]},{"@type":"WebPage","@id":"https:\/\/rehabilitemoscastellon.es\/index.php\/2024\/07\/22\/transformacion-urbana-en-castellon-iniciativa-rehabilitemos-castellon-impulsa-la-renovacion\/","url":"https:\/\/rehabilitemoscastellon.es\/index.php\/2024\/07\/22\/transformacion-urbana-en-castellon-iniciativa-rehabilitemos-castellon-impulsa-la-renovacion\/","name":"Transformaci\u00f3n Urbana en Castell\u00f3n: Iniciativa \u2018Rehabilitemos Castell\u00f3n\u2019 Impulsa la Renovaci\u00f3n - Rehabilitemos Castell&oacute;n","isPartOf":{"@id":"https:\/\/rehabilitemoscastellon.es\/#website"},"primaryImageOfPage":{"@id":"https:\/\/rehabilitemoscastellon.es\/index.php\/2024\/07\/22\/transformacion-urbana-en-castellon-iniciativa-rehabilitemos-castellon-impulsa-la-renovacion\/#primaryimage"},"image":{"@id":"https:\/\/rehabilitemoscastellon.es\/index.php\/2024\/07\/22\/transformacion-urbana-en-castellon-iniciativa-rehabilitemos-castellon-impulsa-la-renovacion\/#primaryimage"},"thumbnailUrl":"https:\/\/rehabilitemoscastellon.es\/wp-content\/uploads\/2024\/07\/Imagen-de-WhatsApp-2024-07-22-a-las-13.36.06_4554fb34.jpg","datePublished":"2024-07-22T14:43:31+00:00","dateModified":"2024-07-22T14:45:44+00:00","breadcrumb":{"@id":"https:\/\/rehabilitemoscastellon.es\/index.php\/2024\/07\/22\/transformacion-urbana-en-castellon-iniciativa-rehabilitemos-castellon-impulsa-la-renovacion\/#breadcrumb"},"inLanguage":"es","potentialAction":[{"@type":"ReadAction","target":["https:\/\/rehabilitemoscastellon.es\/index.php\/2024\/07\/22\/transformacion-urbana-en-castellon-iniciativa-rehabilitemos-castellon-impulsa-la-renovacion\/"]}]},{"@type":"ImageObject","inLanguage":"es","@id":"https:\/\/rehabilitemoscastellon.es\/index.php\/2024\/07\/22\/transformacion-urbana-en-castellon-iniciativa-rehabilitemos-castellon-impulsa-la-renovacion\/#primaryimage","url":"https:\/\/rehabilitemoscastellon.es\/wp-content\/uploads\/2024\/07\/Imagen-de-WhatsApp-2024-07-22-a-las-13.36.06_4554fb34.jpg","contentUrl":"https:\/\/rehabilitemoscastellon.es\/wp-content\/uploads\/2024\/07\/Imagen-de-WhatsApp-2024-07-22-a-las-13.36.06_4554fb34.jpg","width":1536,"height":2048},{"@type":"BreadcrumbList","@id":"https:\/\/rehabilitemoscastellon.es\/index.php\/2024\/07\/22\/transformacion-urbana-en-castellon-iniciativa-rehabilitemos-castellon-impulsa-la-renovacion\/#breadcrumb","itemListElement":[{"@type":"ListItem","position":1,"name":"Portada","item":"https:\/\/rehabilitemoscastellon.es\/"},{"@type":"ListItem","position":2,"name":"Transformaci\u00f3n Urbana en Castell\u00f3n: Iniciativa \u2018Rehabilitemos Castell\u00f3n\u2019 Impulsa la Renovaci\u00f3n"}]},{"@type":"WebSite","@id":"https:\/\/rehabilitemoscastellon.es\/#website","url":"https:\/\/rehabilitemoscastellon.es\/","name":"Rehabilitemos Castell\u00f3n","description":"Mejoramos vivienda, edificios y barrios","publisher":{"@id":"https:\/\/rehabilitemoscastellon.es\/#organization"},"potentialAction":[{"@type":"SearchAction","target":{"@type":"EntryPoint","urlTemplate":"https:\/\/rehabilitemoscastellon.es\/?s={search_term_string}"},"query-input":"required name=search_term_string"}],"inLanguage":"es"},{"@type":"Organization","@id":"https:\/\/rehabilitemoscastellon.es\/#organization","name":"Rehabilitemos Castell\u00f3n","url":"https:\/\/rehabilitemoscastellon.es\/","logo":{"@type":"ImageObject","inLanguage":"es","@id":"https:\/\/rehabilitemoscastellon.es\/#\/schema\/logo\/image\/","url":"http:\/\/rehabilitemoscastellon.es\/wp-content\/uploads\/2024\/05\/logotipo_color.png","contentUrl":"http:\/\/rehabilitemoscastellon.es\/wp-content\/uploads\/2024\/05\/logotipo_color.png","width":2730,"height":1174,"caption":"Rehabilitemos Castell\u00f3n"},"image":{"@id":"https:\/\/rehabilitemoscastellon.es\/#\/schema\/logo\/image\/"}},{"@type":"Person","@id":"https:\/\/rehabilitemoscastellon.es\/#\/schema\/person\/dd69b3d1c7374f9c9cbbf63803680d49","name":"Mireia","image":{"@type":"ImageObject","inLanguage":"es","@id":"https:\/\/rehabilitemoscastellon.es\/#\/schema\/person\/image\/","url":"https:\/\/secure.gravatar.com\/avatar\/62d98139249b7c3738c5f7447ab943cdbd562a12e4526b2a57bf606df4246c05?s=96&d=mm&r=g","contentUrl":"https:\/\/secure.gravatar.com\/avatar\/62d98139249b7c3738c5f7447ab943cdbd562a12e4526b2a57bf606df4246c05?s=96&d=mm&r=g","caption":"Mireia"},"url":"https:\/\/rehabilitemoscastellon.es\/index.php\/author\/mireia\/"}]}},"_links":{"self":[{"href":"https:\/\/rehabilitemoscastellon.es\/index.php\/wp-json\/wp\/v2\/posts\/360","targetHints":{"allow":["GET"]}}],"collection":[{"href":"https:\/\/rehabilitemoscastellon.es\/index.php\/wp-json\/wp\/v2\/posts"}],"about":[{"href":"https:\/\/rehabilitemoscastellon.es\/index.php\/wp-json\/wp\/v2\/types\/post"}],"author":[{"embeddable":true,"href":"https:\/\/rehabilitemoscastellon.es\/index.php\/wp-json\/wp\/v2\/users\/2"}],"replies":[{"embeddable":true,"href":"https:\/\/rehabilitemoscastellon.es\/index.php\/wp-json\/wp\/v2\/comments?post=360"}],"version-history":[{"count":2,"href":"https:\/\/rehabilitemoscastellon.es\/index.php\/wp-json\/wp\/v2\/posts\/360\/revisions"}],"predecessor-version":[{"id":364,"href":"https:\/\/rehabilitemoscastellon.es\/index.php\/wp-json\/wp\/v2\/posts\/360\/revisions\/364"}],"wp:featuredmedia":[{"embeddable":true,"href":"https:\/\/rehabilitemoscastellon.es\/index.php\/wp-json\/wp\/v2\/media\/362"}],"wp:attachment":[{"href":"https:\/\/rehabilitemoscastellon.es\/index.php\/wp-json\/wp\/v2\/media?parent=360"}],"wp:term":[{"taxonomy":"category","embeddable":true,"href":"https:\/\/rehabilitemoscastellon.es\/index.php\/wp-json\/wp\/v2\/categories?post=360"},{"taxonomy":"post_tag","embeddable":true,"href":"https:\/\/rehabilitemoscastellon.es\/index.php\/wp-json\/wp\/v2\/tags?post=360"}],"curies":[{"name":"wp","href":"https:\/\/api.w.org\/{rel}","templated":true}]}}