{"id":338,"date":"2024-07-08T08:12:42","date_gmt":"2024-07-08T08:12:42","guid":{"rendered":"https:\/\/rehabilitemoscastellon.es\/?p=338"},"modified":"2024-07-08T08:12:43","modified_gmt":"2024-07-08T08:12:43","slug":"rehabilitem-en-castello-ens-apropem","status":"publish","type":"post","link":"https:\/\/rehabilitemoscastellon.es\/index.php\/ca\/2024\/07\/08\/rehabilitem-en-castello-ens-apropem\/","title":{"rendered":"Rehabilitem en Castell\u00f3: Ens apropem!"},"content":{"rendered":"\n<p>Despr\u00e9s de les reeixides jornades de participaci\u00f3, el projecte de rehabilitaci\u00f3 urbana continua avan\u00e7ant. Ara, oferim atenci\u00f3 cont\u00ednua en les nostres oficines t\u00e8cniques. Per\u00f2 aix\u00f2 no \u00e9s tot: tamb\u00e9 tindrem una oficina m\u00f2bil en la zona del Grau! \ud83d\ude90<\/p>\n\n\n\n<p>\ud83d\udcc5 <strong>Horari de l&#8217;oficina m\u00f2bil:<\/strong><\/p>\n\n\n\n<ul class=\"wp-block-list\">\n<li><strong>Dies<\/strong>: Tots els dijous<\/li>\n\n\n\n<li><strong>Horari de dem\u00e0:<\/strong> 10.00 a 14.00<\/li>\n\n\n\n<li><strong>Horari de vesprada:<\/strong> 16.00 a 18.00<\/li>\n\n\n\n<li><strong>Ubicaci\u00f3:<\/strong> C\/ Miguel Sant\u00e0ngel 8, El Grau<\/li>\n<\/ul>\n\n\n\n<p>\ud83d\ude4b\u200d\u2640\ufe0f\ud83d\ude4b\u200d\u2642\ufe0f <strong>Qu\u00e8 pots fer en l&#8217;oficina m\u00f2bil?<\/strong><\/p>\n\n\n\n<ul class=\"wp-block-list\">\n<li>Obtindre informaci\u00f3 sobre el desenvolupament del projecte<\/li>\n\n\n\n<li>Con\u00e9ixer altres projectes de l&#8217;ajuntament.<\/li>\n\n\n\n<li>Participar i compartir les teues idees.<\/li>\n<\/ul>\n\n\n\n<p>La participaci\u00f3 de tots els ve\u00efns i ve\u00efnes \u00e9s fonamental. Junts, marcarem un abans i un despr\u00e9s a la nostra ciutat. \ud83c\udf1f<\/p>\n\n\n\n<p>Continua informant-te i participa en aquest emocionant projecte!<\/p>\n","protected":false},"excerpt":{"rendered":"<p>Despr\u00e9s de les reeixides jornades de participaci\u00f3, el projecte de rehabilitaci\u00f3 urbana continua avan\u00e7ant. Ara, oferim atenci\u00f3 cont\u00ednua en les nostres oficines t\u00e8cniques. Per\u00f2 aix\u00f2 no \u00e9s tot: tamb\u00e9 tindrem una oficina m\u00f2bil en la zona del Grau! \ud83d\ude90 \ud83d\udcc5 Horari de l&#8217;oficina m\u00f2bil: \ud83d\ude4b\u200d\u2640\ufe0f\ud83d\ude4b\u200d\u2642\ufe0f Qu\u00e8 pots fer en l&#8217;oficina m\u00f2bil? La participaci\u00f3 de tots [&hellip;]<\/p>\n","protected":false},"author":2,"featured_media":334,"comment_status":"open","ping_status":"open","sticky":false,"template":"","format":"standard","meta":{"_et_pb_use_builder":"off","_et_pb_old_content":"","_et_gb_content_width":"","footnotes":""},"categories":[21],"tags":[],"class_list":["post-338","post","type-post","status-publish","format-standard","has-post-thumbnail","hentry","category-noticies_va"],"yoast_head":"<!-- This site is optimized with the Yoast SEO plugin v22.7 - https:\/\/yoast.com\/wordpress\/plugins\/seo\/ -->\n<title>Rehabilitem en Castell\u00f3: Ens apropem! - Rehabilitemos Castell&oacute;n<\/title>\n<meta name=\"robots\" content=\"index, follow, max-snippet:-1, max-image-preview:large, max-video-preview:-1\" \/>\n<link rel=\"canonical\" href=\"https:\/\/rehabilitemoscastellon.es\/index.php\/ca\/2024\/07\/08\/rehabilitem-en-castello-ens-apropem\/\" \/>\n<meta property=\"og:locale\" content=\"es_ES\" \/>\n<meta property=\"og:type\" content=\"article\" \/>\n<meta property=\"og:title\" content=\"Rehabilitem en Castell\u00f3: Ens apropem! - Rehabilitemos Castell&oacute;n\" \/>\n<meta property=\"og:description\" content=\"Despr\u00e9s de les reeixides jornades de participaci\u00f3, el projecte de rehabilitaci\u00f3 urbana continua avan\u00e7ant. Ara, oferim atenci\u00f3 cont\u00ednua en les nostres oficines t\u00e8cniques. Per\u00f2 aix\u00f2 no \u00e9s tot: tamb\u00e9 tindrem una oficina m\u00f2bil en la zona del Grau! \ud83d\ude90 \ud83d\udcc5 Horari de l&#8217;oficina m\u00f2bil: \ud83d\ude4b\u200d\u2640\ufe0f\ud83d\ude4b\u200d\u2642\ufe0f Qu\u00e8 pots fer en l&#8217;oficina m\u00f2bil? La participaci\u00f3 de tots [&hellip;]\" \/>\n<meta property=\"og:url\" content=\"https:\/\/rehabilitemoscastellon.es\/index.php\/ca\/2024\/07\/08\/rehabilitem-en-castello-ens-apropem\/\" \/>\n<meta property=\"og:site_name\" content=\"Rehabilitemos Castell&oacute;n\" \/>\n<meta property=\"article:published_time\" content=\"2024-07-08T08:12:42+00:00\" \/>\n<meta property=\"article:modified_time\" content=\"2024-07-08T08:12:43+00:00\" \/>\n<meta property=\"og:image\" content=\"https:\/\/rehabilitemoscastellon.es\/wp-content\/uploads\/2024\/07\/IMG-20240704-WA0013.jpg\" \/>\n\t<meta property=\"og:image:width\" content=\"1200\" \/>\n\t<meta property=\"og:image:height\" content=\"1600\" \/>\n\t<meta property=\"og:image:type\" content=\"image\/jpeg\" \/>\n<meta name=\"author\" content=\"Mireia\" \/>\n<meta name=\"twitter:card\" content=\"summary_large_image\" \/>\n<meta name=\"twitter:label1\" content=\"Escrito por\" \/>\n\t<meta name=\"twitter:data1\" content=\"Mireia\" \/>\n\t<meta name=\"twitter:label2\" content=\"Tiempo de lectura\" \/>\n\t<meta name=\"twitter:data2\" content=\"1 minuto\" \/>\n<script type=\"application\/ld+json\" class=\"yoast-schema-graph\">{\"@context\":\"https:\/\/schema.org\",\"@graph\":[{\"@type\":\"Article\",\"@id\":\"https:\/\/rehabilitemoscastellon.es\/index.php\/ca\/2024\/07\/08\/rehabilitem-en-castello-ens-apropem\/#article\",\"isPartOf\":{\"@id\":\"https:\/\/rehabilitemoscastellon.es\/index.php\/ca\/2024\/07\/08\/rehabilitem-en-castello-ens-apropem\/\"},\"author\":{\"name\":\"Mireia\",\"@id\":\"https:\/\/rehabilitemoscastellon.es\/#\/schema\/person\/dd69b3d1c7374f9c9cbbf63803680d49\"},\"headline\":\"Rehabilitem en Castell\u00f3: Ens apropem!\",\"datePublished\":\"2024-07-08T08:12:42+00:00\",\"dateModified\":\"2024-07-08T08:12:43+00:00\",\"mainEntityOfPage\":{\"@id\":\"https:\/\/rehabilitemoscastellon.es\/index.php\/ca\/2024\/07\/08\/rehabilitem-en-castello-ens-apropem\/\"},\"wordCount\":133,\"commentCount\":0,\"publisher\":{\"@id\":\"https:\/\/rehabilitemoscastellon.es\/#organization\"},\"image\":{\"@id\":\"https:\/\/rehabilitemoscastellon.es\/index.php\/ca\/2024\/07\/08\/rehabilitem-en-castello-ens-apropem\/#primaryimage\"},\"thumbnailUrl\":\"https:\/\/rehabilitemoscastellon.es\/wp-content\/uploads\/2024\/07\/IMG-20240704-WA0013.jpg\",\"articleSection\":[\"not\u00edcies_va\"],\"inLanguage\":\"es\",\"potentialAction\":[{\"@type\":\"CommentAction\",\"name\":\"Comment\",\"target\":[\"https:\/\/rehabilitemoscastellon.es\/index.php\/ca\/2024\/07\/08\/rehabilitem-en-castello-ens-apropem\/#respond\"]}]},{\"@type\":\"WebPage\",\"@id\":\"https:\/\/rehabilitemoscastellon.es\/index.php\/ca\/2024\/07\/08\/rehabilitem-en-castello-ens-apropem\/\",\"url\":\"https:\/\/rehabilitemoscastellon.es\/index.php\/ca\/2024\/07\/08\/rehabilitem-en-castello-ens-apropem\/\",\"name\":\"Rehabilitem en Castell\u00f3: Ens apropem! - Rehabilitemos Castell&oacute;n\",\"isPartOf\":{\"@id\":\"https:\/\/rehabilitemoscastellon.es\/#website\"},\"primaryImageOfPage\":{\"@id\":\"https:\/\/rehabilitemoscastellon.es\/index.php\/ca\/2024\/07\/08\/rehabilitem-en-castello-ens-apropem\/#primaryimage\"},\"image\":{\"@id\":\"https:\/\/rehabilitemoscastellon.es\/index.php\/ca\/2024\/07\/08\/rehabilitem-en-castello-ens-apropem\/#primaryimage\"},\"thumbnailUrl\":\"https:\/\/rehabilitemoscastellon.es\/wp-content\/uploads\/2024\/07\/IMG-20240704-WA0013.jpg\",\"datePublished\":\"2024-07-08T08:12:42+00:00\",\"dateModified\":\"2024-07-08T08:12:43+00:00\",\"breadcrumb\":{\"@id\":\"https:\/\/rehabilitemoscastellon.es\/index.php\/ca\/2024\/07\/08\/rehabilitem-en-castello-ens-apropem\/#breadcrumb\"},\"inLanguage\":\"es\",\"potentialAction\":[{\"@type\":\"ReadAction\",\"target\":[\"https:\/\/rehabilitemoscastellon.es\/index.php\/ca\/2024\/07\/08\/rehabilitem-en-castello-ens-apropem\/\"]}]},{\"@type\":\"ImageObject\",\"inLanguage\":\"es\",\"@id\":\"https:\/\/rehabilitemoscastellon.es\/index.php\/ca\/2024\/07\/08\/rehabilitem-en-castello-ens-apropem\/#primaryimage\",\"url\":\"https:\/\/rehabilitemoscastellon.es\/wp-content\/uploads\/2024\/07\/IMG-20240704-WA0013.jpg\",\"contentUrl\":\"https:\/\/rehabilitemoscastellon.es\/wp-content\/uploads\/2024\/07\/IMG-20240704-WA0013.jpg\",\"width\":1200,\"height\":1600},{\"@type\":\"BreadcrumbList\",\"@id\":\"https:\/\/rehabilitemoscastellon.es\/index.php\/ca\/2024\/07\/08\/rehabilitem-en-castello-ens-apropem\/#breadcrumb\",\"itemListElement\":[{\"@type\":\"ListItem\",\"position\":1,\"name\":\"Portada\",\"item\":\"https:\/\/rehabilitemoscastellon.es\/\"},{\"@type\":\"ListItem\",\"position\":2,\"name\":\"Rehabilitem en Castell\u00f3: Ens apropem!\"}]},{\"@type\":\"WebSite\",\"@id\":\"https:\/\/rehabilitemoscastellon.es\/#website\",\"url\":\"https:\/\/rehabilitemoscastellon.es\/\",\"name\":\"Rehabilitemos Castell\u00f3n\",\"description\":\"Mejoramos vivienda, edificios y barrios\",\"publisher\":{\"@id\":\"https:\/\/rehabilitemoscastellon.es\/#organization\"},\"potentialAction\":[{\"@type\":\"SearchAction\",\"target\":{\"@type\":\"EntryPoint\",\"urlTemplate\":\"https:\/\/rehabilitemoscastellon.es\/?s={search_term_string}\"},\"query-input\":\"required name=search_term_string\"}],\"inLanguage\":\"es\"},{\"@type\":\"Organization\",\"@id\":\"https:\/\/rehabilitemoscastellon.es\/#organization\",\"name\":\"Rehabilitemos Castell\u00f3n\",\"url\":\"https:\/\/rehabilitemoscastellon.es\/\",\"logo\":{\"@type\":\"ImageObject\",\"inLanguage\":\"es\",\"@id\":\"https:\/\/rehabilitemoscastellon.es\/#\/schema\/logo\/image\/\",\"url\":\"http:\/\/rehabilitemoscastellon.es\/wp-content\/uploads\/2024\/05\/logotipo_color.png\",\"contentUrl\":\"http:\/\/rehabilitemoscastellon.es\/wp-content\/uploads\/2024\/05\/logotipo_color.png\",\"width\":2730,\"height\":1174,\"caption\":\"Rehabilitemos Castell\u00f3n\"},\"image\":{\"@id\":\"https:\/\/rehabilitemoscastellon.es\/#\/schema\/logo\/image\/\"}},{\"@type\":\"Person\",\"@id\":\"https:\/\/rehabilitemoscastellon.es\/#\/schema\/person\/dd69b3d1c7374f9c9cbbf63803680d49\",\"name\":\"Mireia\",\"image\":{\"@type\":\"ImageObject\",\"inLanguage\":\"es\",\"@id\":\"https:\/\/rehabilitemoscastellon.es\/#\/schema\/person\/image\/\",\"url\":\"https:\/\/secure.gravatar.com\/avatar\/62d98139249b7c3738c5f7447ab943cdbd562a12e4526b2a57bf606df4246c05?s=96&d=mm&r=g\",\"contentUrl\":\"https:\/\/secure.gravatar.com\/avatar\/62d98139249b7c3738c5f7447ab943cdbd562a12e4526b2a57bf606df4246c05?s=96&d=mm&r=g\",\"caption\":\"Mireia\"},\"url\":\"https:\/\/rehabilitemoscastellon.es\/index.php\/author\/mireia\/\"}]}<\/script>\n<!-- \/ Yoast SEO plugin. -->","yoast_head_json":{"title":"Rehabilitem en Castell\u00f3: Ens apropem! - Rehabilitemos Castell&oacute;n","robots":{"index":"index","follow":"follow","max-snippet":"max-snippet:-1","max-image-preview":"max-image-preview:large","max-video-preview":"max-video-preview:-1"},"canonical":"https:\/\/rehabilitemoscastellon.es\/index.php\/ca\/2024\/07\/08\/rehabilitem-en-castello-ens-apropem\/","og_locale":"es_ES","og_type":"article","og_title":"Rehabilitem en Castell\u00f3: Ens apropem! - Rehabilitemos Castell&oacute;n","og_description":"Despr\u00e9s de les reeixides jornades de participaci\u00f3, el projecte de rehabilitaci\u00f3 urbana continua avan\u00e7ant. Ara, oferim atenci\u00f3 cont\u00ednua en les nostres oficines t\u00e8cniques. Per\u00f2 aix\u00f2 no \u00e9s tot: tamb\u00e9 tindrem una oficina m\u00f2bil en la zona del Grau! \ud83d\ude90 \ud83d\udcc5 Horari de l&#8217;oficina m\u00f2bil: \ud83d\ude4b\u200d\u2640\ufe0f\ud83d\ude4b\u200d\u2642\ufe0f Qu\u00e8 pots fer en l&#8217;oficina m\u00f2bil? La participaci\u00f3 de tots [&hellip;]","og_url":"https:\/\/rehabilitemoscastellon.es\/index.php\/ca\/2024\/07\/08\/rehabilitem-en-castello-ens-apropem\/","og_site_name":"Rehabilitemos Castell&oacute;n","article_published_time":"2024-07-08T08:12:42+00:00","article_modified_time":"2024-07-08T08:12:43+00:00","og_image":[{"width":1200,"height":1600,"url":"https:\/\/rehabilitemoscastellon.es\/wp-content\/uploads\/2024\/07\/IMG-20240704-WA0013.jpg","type":"image\/jpeg"}],"author":"Mireia","twitter_card":"summary_large_image","twitter_misc":{"Escrito por":"Mireia","Tiempo de lectura":"1 minuto"},"schema":{"@context":"https:\/\/schema.org","@graph":[{"@type":"Article","@id":"https:\/\/rehabilitemoscastellon.es\/index.php\/ca\/2024\/07\/08\/rehabilitem-en-castello-ens-apropem\/#article","isPartOf":{"@id":"https:\/\/rehabilitemoscastellon.es\/index.php\/ca\/2024\/07\/08\/rehabilitem-en-castello-ens-apropem\/"},"author":{"name":"Mireia","@id":"https:\/\/rehabilitemoscastellon.es\/#\/schema\/person\/dd69b3d1c7374f9c9cbbf63803680d49"},"headline":"Rehabilitem en Castell\u00f3: Ens apropem!","datePublished":"2024-07-08T08:12:42+00:00","dateModified":"2024-07-08T08:12:43+00:00","mainEntityOfPage":{"@id":"https:\/\/rehabilitemoscastellon.es\/index.php\/ca\/2024\/07\/08\/rehabilitem-en-castello-ens-apropem\/"},"wordCount":133,"commentCount":0,"publisher":{"@id":"https:\/\/rehabilitemoscastellon.es\/#organization"},"image":{"@id":"https:\/\/rehabilitemoscastellon.es\/index.php\/ca\/2024\/07\/08\/rehabilitem-en-castello-ens-apropem\/#primaryimage"},"thumbnailUrl":"https:\/\/rehabilitemoscastellon.es\/wp-content\/uploads\/2024\/07\/IMG-20240704-WA0013.jpg","articleSection":["not\u00edcies_va"],"inLanguage":"es","potentialAction":[{"@type":"CommentAction","name":"Comment","target":["https:\/\/rehabilitemoscastellon.es\/index.php\/ca\/2024\/07\/08\/rehabilitem-en-castello-ens-apropem\/#respond"]}]},{"@type":"WebPage","@id":"https:\/\/rehabilitemoscastellon.es\/index.php\/ca\/2024\/07\/08\/rehabilitem-en-castello-ens-apropem\/","url":"https:\/\/rehabilitemoscastellon.es\/index.php\/ca\/2024\/07\/08\/rehabilitem-en-castello-ens-apropem\/","name":"Rehabilitem en Castell\u00f3: Ens apropem! - Rehabilitemos Castell&oacute;n","isPartOf":{"@id":"https:\/\/rehabilitemoscastellon.es\/#website"},"primaryImageOfPage":{"@id":"https:\/\/rehabilitemoscastellon.es\/index.php\/ca\/2024\/07\/08\/rehabilitem-en-castello-ens-apropem\/#primaryimage"},"image":{"@id":"https:\/\/rehabilitemoscastellon.es\/index.php\/ca\/2024\/07\/08\/rehabilitem-en-castello-ens-apropem\/#primaryimage"},"thumbnailUrl":"https:\/\/rehabilitemoscastellon.es\/wp-content\/uploads\/2024\/07\/IMG-20240704-WA0013.jpg","datePublished":"2024-07-08T08:12:42+00:00","dateModified":"2024-07-08T08:12:43+00:00","breadcrumb":{"@id":"https:\/\/rehabilitemoscastellon.es\/index.php\/ca\/2024\/07\/08\/rehabilitem-en-castello-ens-apropem\/#breadcrumb"},"inLanguage":"es","potentialAction":[{"@type":"ReadAction","target":["https:\/\/rehabilitemoscastellon.es\/index.php\/ca\/2024\/07\/08\/rehabilitem-en-castello-ens-apropem\/"]}]},{"@type":"ImageObject","inLanguage":"es","@id":"https:\/\/rehabilitemoscastellon.es\/index.php\/ca\/2024\/07\/08\/rehabilitem-en-castello-ens-apropem\/#primaryimage","url":"https:\/\/rehabilitemoscastellon.es\/wp-content\/uploads\/2024\/07\/IMG-20240704-WA0013.jpg","contentUrl":"https:\/\/rehabilitemoscastellon.es\/wp-content\/uploads\/2024\/07\/IMG-20240704-WA0013.jpg","width":1200,"height":1600},{"@type":"BreadcrumbList","@id":"https:\/\/rehabilitemoscastellon.es\/index.php\/ca\/2024\/07\/08\/rehabilitem-en-castello-ens-apropem\/#breadcrumb","itemListElement":[{"@type":"ListItem","position":1,"name":"Portada","item":"https:\/\/rehabilitemoscastellon.es\/"},{"@type":"ListItem","position":2,"name":"Rehabilitem en Castell\u00f3: Ens apropem!"}]},{"@type":"WebSite","@id":"https:\/\/rehabilitemoscastellon.es\/#website","url":"https:\/\/rehabilitemoscastellon.es\/","name":"Rehabilitemos Castell\u00f3n","description":"Mejoramos vivienda, edificios y barrios","publisher":{"@id":"https:\/\/rehabilitemoscastellon.es\/#organization"},"potentialAction":[{"@type":"SearchAction","target":{"@type":"EntryPoint","urlTemplate":"https:\/\/rehabilitemoscastellon.es\/?s={search_term_string}"},"query-input":"required name=search_term_string"}],"inLanguage":"es"},{"@type":"Organization","@id":"https:\/\/rehabilitemoscastellon.es\/#organization","name":"Rehabilitemos Castell\u00f3n","url":"https:\/\/rehabilitemoscastellon.es\/","logo":{"@type":"ImageObject","inLanguage":"es","@id":"https:\/\/rehabilitemoscastellon.es\/#\/schema\/logo\/image\/","url":"http:\/\/rehabilitemoscastellon.es\/wp-content\/uploads\/2024\/05\/logotipo_color.png","contentUrl":"http:\/\/rehabilitemoscastellon.es\/wp-content\/uploads\/2024\/05\/logotipo_color.png","width":2730,"height":1174,"caption":"Rehabilitemos Castell\u00f3n"},"image":{"@id":"https:\/\/rehabilitemoscastellon.es\/#\/schema\/logo\/image\/"}},{"@type":"Person","@id":"https:\/\/rehabilitemoscastellon.es\/#\/schema\/person\/dd69b3d1c7374f9c9cbbf63803680d49","name":"Mireia","image":{"@type":"ImageObject","inLanguage":"es","@id":"https:\/\/rehabilitemoscastellon.es\/#\/schema\/person\/image\/","url":"https:\/\/secure.gravatar.com\/avatar\/62d98139249b7c3738c5f7447ab943cdbd562a12e4526b2a57bf606df4246c05?s=96&d=mm&r=g","contentUrl":"https:\/\/secure.gravatar.com\/avatar\/62d98139249b7c3738c5f7447ab943cdbd562a12e4526b2a57bf606df4246c05?s=96&d=mm&r=g","caption":"Mireia"},"url":"https:\/\/rehabilitemoscastellon.es\/index.php\/author\/mireia\/"}]}},"_links":{"self":[{"href":"https:\/\/rehabilitemoscastellon.es\/index.php\/wp-json\/wp\/v2\/posts\/338","targetHints":{"allow":["GET"]}}],"collection":[{"href":"https:\/\/rehabilitemoscastellon.es\/index.php\/wp-json\/wp\/v2\/posts"}],"about":[{"href":"https:\/\/rehabilitemoscastellon.es\/index.php\/wp-json\/wp\/v2\/types\/post"}],"author":[{"embeddable":true,"href":"https:\/\/rehabilitemoscastellon.es\/index.php\/wp-json\/wp\/v2\/users\/2"}],"replies":[{"embeddable":true,"href":"https:\/\/rehabilitemoscastellon.es\/index.php\/wp-json\/wp\/v2\/comments?post=338"}],"version-history":[{"count":1,"href":"https:\/\/rehabilitemoscastellon.es\/index.php\/wp-json\/wp\/v2\/posts\/338\/revisions"}],"predecessor-version":[{"id":339,"href":"https:\/\/rehabilitemoscastellon.es\/index.php\/wp-json\/wp\/v2\/posts\/338\/revisions\/339"}],"wp:featuredmedia":[{"embeddable":true,"href":"https:\/\/rehabilitemoscastellon.es\/index.php\/wp-json\/wp\/v2\/media\/334"}],"wp:attachment":[{"href":"https:\/\/rehabilitemoscastellon.es\/index.php\/wp-json\/wp\/v2\/media?parent=338"}],"wp:term":[{"taxonomy":"category","embeddable":true,"href":"https:\/\/rehabilitemoscastellon.es\/index.php\/wp-json\/wp\/v2\/categories?post=338"},{"taxonomy":"post_tag","embeddable":true,"href":"https:\/\/rehabilitemoscastellon.es\/index.php\/wp-json\/wp\/v2\/tags?post=338"}],"curies":[{"name":"wp","href":"https:\/\/api.w.org\/{rel}","templated":true}]}}