{"id":323,"date":"2024-07-08T08:03:51","date_gmt":"2024-07-08T08:03:51","guid":{"rendered":"https:\/\/rehabilitemoscastellon.es\/?p=323"},"modified":"2024-07-08T08:07:07","modified_gmt":"2024-07-08T08:07:07","slug":"rehabilitacion-en-castellon-nos-acercamos","status":"publish","type":"post","link":"https:\/\/rehabilitemoscastellon.es\/index.php\/2024\/07\/08\/rehabilitacion-en-castellon-nos-acercamos\/","title":{"rendered":"Rehabilitaci\u00f3n en Castell\u00f3n: \u00a1Nos acercamos!"},"content":{"rendered":"\n<p>Tras las exitosas jornadas de participaci\u00f3n, el proyecto de rehabilitaci\u00f3n urbana sigue avanzando. Ahora, ofrecemos atenci\u00f3n continua en nuestras oficinas t\u00e9cnicas. Pero eso no es todo: \u00a1tambi\u00e9n tendremos una oficina m\u00f3vil en la zona de El Grao! \ud83d\ude90<\/p>\n\n\n\n<p>\ud83d\udcc5&nbsp;<strong>Horario de la oficina m\u00f3vil:<\/strong><\/p>\n\n\n\n<ul class=\"wp-block-list\">\n<li><strong>D\u00edas:<\/strong>&nbsp;Todos los jueves<\/li>\n\n\n\n<li><strong>Horario de ma\u00f1ana:<\/strong>&nbsp;10:00 a 14:00<\/li>\n\n\n\n<li><strong>Horario de tarde:<\/strong>&nbsp;16:00 a 18:00<\/li>\n\n\n\n<li><strong>Ubicaci\u00f3n:<\/strong>\u00a0C\/ Miguel Sant\u00e1ngel 6, El Grao<\/li>\n<\/ul>\n\n\n\n<p>\ud83d\ude4b\u200d\u2640\ufe0f\ud83d\ude4b\u200d\u2642\ufe0f&nbsp;<strong>\u00bfQu\u00e9 puedes hacer en la oficina m\u00f3vil?<\/strong><\/p>\n\n\n\n<ul class=\"wp-block-list\">\n<li>Obtener informaci\u00f3n sobre el desarrollo del proyecto.<\/li>\n\n\n\n<li>Conocer otros proyectos del ayuntamiento.<\/li>\n\n\n\n<li>Participar y compartir tus ideas.<\/li>\n<\/ul>\n\n\n\n<p>La participaci\u00f3n de todos los vecinos y vecinas es fundamental. Juntos, marcaremos un antes y un despu\u00e9s en nuestra ciudad. \ud83c\udf1f \u00a1Sigue inform\u00e1ndote y participa en este emocionante proyecto!<\/p>\n","protected":false},"excerpt":{"rendered":"<p>Tras las exitosas jornadas de participaci\u00f3n, el proyecto de rehabilitaci\u00f3n urbana sigue avanzando. Ahora, ofrecemos atenci\u00f3n continua en nuestras oficinas t\u00e9cnicas. Pero eso no es todo: \u00a1tambi\u00e9n tendremos una oficina m\u00f3vil en la zona de El Grao! \ud83d\ude90 \ud83d\udcc5&nbsp;Horario de la oficina m\u00f3vil: \ud83d\ude4b\u200d\u2640\ufe0f\ud83d\ude4b\u200d\u2642\ufe0f&nbsp;\u00bfQu\u00e9 puedes hacer en la oficina m\u00f3vil? La participaci\u00f3n de todos los [&hellip;]<\/p>\n","protected":false},"author":2,"featured_media":334,"comment_status":"open","ping_status":"open","sticky":false,"template":"","format":"standard","meta":{"_et_pb_use_builder":"off","_et_pb_old_content":"","_et_gb_content_width":"","footnotes":""},"categories":[19],"tags":[],"class_list":["post-323","post","type-post","status-publish","format-standard","has-post-thumbnail","hentry","category-noticias_es"],"yoast_head":"<!-- This site is optimized with the Yoast SEO plugin v22.7 - https:\/\/yoast.com\/wordpress\/plugins\/seo\/ -->\n<title>Rehabilitaci\u00f3n en Castell\u00f3n: \u00a1Nos acercamos! - Rehabilitemos Castell&oacute;n<\/title>\n<meta name=\"robots\" content=\"index, follow, max-snippet:-1, max-image-preview:large, max-video-preview:-1\" \/>\n<link rel=\"canonical\" href=\"https:\/\/rehabilitemoscastellon.es\/index.php\/2024\/07\/08\/rehabilitacion-en-castellon-nos-acercamos\/\" \/>\n<meta property=\"og:locale\" content=\"es_ES\" \/>\n<meta property=\"og:type\" content=\"article\" \/>\n<meta property=\"og:title\" content=\"Rehabilitaci\u00f3n en Castell\u00f3n: \u00a1Nos acercamos! - Rehabilitemos Castell&oacute;n\" \/>\n<meta property=\"og:description\" content=\"Tras las exitosas jornadas de participaci\u00f3n, el proyecto de rehabilitaci\u00f3n urbana sigue avanzando. Ahora, ofrecemos atenci\u00f3n continua en nuestras oficinas t\u00e9cnicas. Pero eso no es todo: \u00a1tambi\u00e9n tendremos una oficina m\u00f3vil en la zona de El Grao! \ud83d\ude90 \ud83d\udcc5&nbsp;Horario de la oficina m\u00f3vil: \ud83d\ude4b\u200d\u2640\ufe0f\ud83d\ude4b\u200d\u2642\ufe0f&nbsp;\u00bfQu\u00e9 puedes hacer en la oficina m\u00f3vil? La participaci\u00f3n de todos los [&hellip;]\" \/>\n<meta property=\"og:url\" content=\"https:\/\/rehabilitemoscastellon.es\/index.php\/2024\/07\/08\/rehabilitacion-en-castellon-nos-acercamos\/\" \/>\n<meta property=\"og:site_name\" content=\"Rehabilitemos Castell&oacute;n\" \/>\n<meta property=\"article:published_time\" content=\"2024-07-08T08:03:51+00:00\" \/>\n<meta property=\"article:modified_time\" content=\"2024-07-08T08:07:07+00:00\" \/>\n<meta property=\"og:image\" content=\"https:\/\/rehabilitemoscastellon.es\/wp-content\/uploads\/2024\/07\/IMG-20240704-WA0013.jpg\" \/>\n\t<meta property=\"og:image:width\" content=\"1200\" \/>\n\t<meta property=\"og:image:height\" content=\"1600\" \/>\n\t<meta property=\"og:image:type\" content=\"image\/jpeg\" \/>\n<meta name=\"author\" content=\"Mireia\" \/>\n<meta name=\"twitter:card\" content=\"summary_large_image\" \/>\n<meta name=\"twitter:label1\" content=\"Escrito por\" \/>\n\t<meta name=\"twitter:data1\" content=\"Mireia\" \/>\n\t<meta name=\"twitter:label2\" content=\"Tiempo de lectura\" \/>\n\t<meta name=\"twitter:data2\" content=\"1 minuto\" \/>\n<script type=\"application\/ld+json\" class=\"yoast-schema-graph\">{\"@context\":\"https:\/\/schema.org\",\"@graph\":[{\"@type\":\"Article\",\"@id\":\"https:\/\/rehabilitemoscastellon.es\/index.php\/2024\/07\/08\/rehabilitacion-en-castellon-nos-acercamos\/#article\",\"isPartOf\":{\"@id\":\"https:\/\/rehabilitemoscastellon.es\/index.php\/2024\/07\/08\/rehabilitacion-en-castellon-nos-acercamos\/\"},\"author\":{\"name\":\"Mireia\",\"@id\":\"https:\/\/rehabilitemoscastellon.es\/#\/schema\/person\/dd69b3d1c7374f9c9cbbf63803680d49\"},\"headline\":\"Rehabilitaci\u00f3n en Castell\u00f3n: \u00a1Nos acercamos!\",\"datePublished\":\"2024-07-08T08:03:51+00:00\",\"dateModified\":\"2024-07-08T08:07:07+00:00\",\"mainEntityOfPage\":{\"@id\":\"https:\/\/rehabilitemoscastellon.es\/index.php\/2024\/07\/08\/rehabilitacion-en-castellon-nos-acercamos\/\"},\"wordCount\":140,\"commentCount\":0,\"publisher\":{\"@id\":\"https:\/\/rehabilitemoscastellon.es\/#organization\"},\"image\":{\"@id\":\"https:\/\/rehabilitemoscastellon.es\/index.php\/2024\/07\/08\/rehabilitacion-en-castellon-nos-acercamos\/#primaryimage\"},\"thumbnailUrl\":\"https:\/\/rehabilitemoscastellon.es\/wp-content\/uploads\/2024\/07\/IMG-20240704-WA0013.jpg\",\"articleSection\":[\"noticias_es\"],\"inLanguage\":\"es\",\"potentialAction\":[{\"@type\":\"CommentAction\",\"name\":\"Comment\",\"target\":[\"https:\/\/rehabilitemoscastellon.es\/index.php\/2024\/07\/08\/rehabilitacion-en-castellon-nos-acercamos\/#respond\"]}]},{\"@type\":\"WebPage\",\"@id\":\"https:\/\/rehabilitemoscastellon.es\/index.php\/2024\/07\/08\/rehabilitacion-en-castellon-nos-acercamos\/\",\"url\":\"https:\/\/rehabilitemoscastellon.es\/index.php\/2024\/07\/08\/rehabilitacion-en-castellon-nos-acercamos\/\",\"name\":\"Rehabilitaci\u00f3n en Castell\u00f3n: \u00a1Nos acercamos! - Rehabilitemos Castell&oacute;n\",\"isPartOf\":{\"@id\":\"https:\/\/rehabilitemoscastellon.es\/#website\"},\"primaryImageOfPage\":{\"@id\":\"https:\/\/rehabilitemoscastellon.es\/index.php\/2024\/07\/08\/rehabilitacion-en-castellon-nos-acercamos\/#primaryimage\"},\"image\":{\"@id\":\"https:\/\/rehabilitemoscastellon.es\/index.php\/2024\/07\/08\/rehabilitacion-en-castellon-nos-acercamos\/#primaryimage\"},\"thumbnailUrl\":\"https:\/\/rehabilitemoscastellon.es\/wp-content\/uploads\/2024\/07\/IMG-20240704-WA0013.jpg\",\"datePublished\":\"2024-07-08T08:03:51+00:00\",\"dateModified\":\"2024-07-08T08:07:07+00:00\",\"breadcrumb\":{\"@id\":\"https:\/\/rehabilitemoscastellon.es\/index.php\/2024\/07\/08\/rehabilitacion-en-castellon-nos-acercamos\/#breadcrumb\"},\"inLanguage\":\"es\",\"potentialAction\":[{\"@type\":\"ReadAction\",\"target\":[\"https:\/\/rehabilitemoscastellon.es\/index.php\/2024\/07\/08\/rehabilitacion-en-castellon-nos-acercamos\/\"]}]},{\"@type\":\"ImageObject\",\"inLanguage\":\"es\",\"@id\":\"https:\/\/rehabilitemoscastellon.es\/index.php\/2024\/07\/08\/rehabilitacion-en-castellon-nos-acercamos\/#primaryimage\",\"url\":\"https:\/\/rehabilitemoscastellon.es\/wp-content\/uploads\/2024\/07\/IMG-20240704-WA0013.jpg\",\"contentUrl\":\"https:\/\/rehabilitemoscastellon.es\/wp-content\/uploads\/2024\/07\/IMG-20240704-WA0013.jpg\",\"width\":1200,\"height\":1600},{\"@type\":\"BreadcrumbList\",\"@id\":\"https:\/\/rehabilitemoscastellon.es\/index.php\/2024\/07\/08\/rehabilitacion-en-castellon-nos-acercamos\/#breadcrumb\",\"itemListElement\":[{\"@type\":\"ListItem\",\"position\":1,\"name\":\"Portada\",\"item\":\"https:\/\/rehabilitemoscastellon.es\/\"},{\"@type\":\"ListItem\",\"position\":2,\"name\":\"Rehabilitaci\u00f3n en Castell\u00f3n: \u00a1Nos acercamos!\"}]},{\"@type\":\"WebSite\",\"@id\":\"https:\/\/rehabilitemoscastellon.es\/#website\",\"url\":\"https:\/\/rehabilitemoscastellon.es\/\",\"name\":\"Rehabilitemos Castell\u00f3n\",\"description\":\"Mejoramos vivienda, edificios y barrios\",\"publisher\":{\"@id\":\"https:\/\/rehabilitemoscastellon.es\/#organization\"},\"potentialAction\":[{\"@type\":\"SearchAction\",\"target\":{\"@type\":\"EntryPoint\",\"urlTemplate\":\"https:\/\/rehabilitemoscastellon.es\/?s={search_term_string}\"},\"query-input\":\"required name=search_term_string\"}],\"inLanguage\":\"es\"},{\"@type\":\"Organization\",\"@id\":\"https:\/\/rehabilitemoscastellon.es\/#organization\",\"name\":\"Rehabilitemos Castell\u00f3n\",\"url\":\"https:\/\/rehabilitemoscastellon.es\/\",\"logo\":{\"@type\":\"ImageObject\",\"inLanguage\":\"es\",\"@id\":\"https:\/\/rehabilitemoscastellon.es\/#\/schema\/logo\/image\/\",\"url\":\"http:\/\/rehabilitemoscastellon.es\/wp-content\/uploads\/2024\/05\/logotipo_color.png\",\"contentUrl\":\"http:\/\/rehabilitemoscastellon.es\/wp-content\/uploads\/2024\/05\/logotipo_color.png\",\"width\":2730,\"height\":1174,\"caption\":\"Rehabilitemos Castell\u00f3n\"},\"image\":{\"@id\":\"https:\/\/rehabilitemoscastellon.es\/#\/schema\/logo\/image\/\"}},{\"@type\":\"Person\",\"@id\":\"https:\/\/rehabilitemoscastellon.es\/#\/schema\/person\/dd69b3d1c7374f9c9cbbf63803680d49\",\"name\":\"Mireia\",\"image\":{\"@type\":\"ImageObject\",\"inLanguage\":\"es\",\"@id\":\"https:\/\/rehabilitemoscastellon.es\/#\/schema\/person\/image\/\",\"url\":\"https:\/\/secure.gravatar.com\/avatar\/62d98139249b7c3738c5f7447ab943cdbd562a12e4526b2a57bf606df4246c05?s=96&d=mm&r=g\",\"contentUrl\":\"https:\/\/secure.gravatar.com\/avatar\/62d98139249b7c3738c5f7447ab943cdbd562a12e4526b2a57bf606df4246c05?s=96&d=mm&r=g\",\"caption\":\"Mireia\"},\"url\":\"https:\/\/rehabilitemoscastellon.es\/index.php\/author\/mireia\/\"}]}<\/script>\n<!-- \/ Yoast SEO plugin. -->","yoast_head_json":{"title":"Rehabilitaci\u00f3n en Castell\u00f3n: \u00a1Nos acercamos! - Rehabilitemos Castell&oacute;n","robots":{"index":"index","follow":"follow","max-snippet":"max-snippet:-1","max-image-preview":"max-image-preview:large","max-video-preview":"max-video-preview:-1"},"canonical":"https:\/\/rehabilitemoscastellon.es\/index.php\/2024\/07\/08\/rehabilitacion-en-castellon-nos-acercamos\/","og_locale":"es_ES","og_type":"article","og_title":"Rehabilitaci\u00f3n en Castell\u00f3n: \u00a1Nos acercamos! - Rehabilitemos Castell&oacute;n","og_description":"Tras las exitosas jornadas de participaci\u00f3n, el proyecto de rehabilitaci\u00f3n urbana sigue avanzando. Ahora, ofrecemos atenci\u00f3n continua en nuestras oficinas t\u00e9cnicas. Pero eso no es todo: \u00a1tambi\u00e9n tendremos una oficina m\u00f3vil en la zona de El Grao! \ud83d\ude90 \ud83d\udcc5&nbsp;Horario de la oficina m\u00f3vil: \ud83d\ude4b\u200d\u2640\ufe0f\ud83d\ude4b\u200d\u2642\ufe0f&nbsp;\u00bfQu\u00e9 puedes hacer en la oficina m\u00f3vil? La participaci\u00f3n de todos los [&hellip;]","og_url":"https:\/\/rehabilitemoscastellon.es\/index.php\/2024\/07\/08\/rehabilitacion-en-castellon-nos-acercamos\/","og_site_name":"Rehabilitemos Castell&oacute;n","article_published_time":"2024-07-08T08:03:51+00:00","article_modified_time":"2024-07-08T08:07:07+00:00","og_image":[{"width":1200,"height":1600,"url":"https:\/\/rehabilitemoscastellon.es\/wp-content\/uploads\/2024\/07\/IMG-20240704-WA0013.jpg","type":"image\/jpeg"}],"author":"Mireia","twitter_card":"summary_large_image","twitter_misc":{"Escrito por":"Mireia","Tiempo de lectura":"1 minuto"},"schema":{"@context":"https:\/\/schema.org","@graph":[{"@type":"Article","@id":"https:\/\/rehabilitemoscastellon.es\/index.php\/2024\/07\/08\/rehabilitacion-en-castellon-nos-acercamos\/#article","isPartOf":{"@id":"https:\/\/rehabilitemoscastellon.es\/index.php\/2024\/07\/08\/rehabilitacion-en-castellon-nos-acercamos\/"},"author":{"name":"Mireia","@id":"https:\/\/rehabilitemoscastellon.es\/#\/schema\/person\/dd69b3d1c7374f9c9cbbf63803680d49"},"headline":"Rehabilitaci\u00f3n en Castell\u00f3n: \u00a1Nos acercamos!","datePublished":"2024-07-08T08:03:51+00:00","dateModified":"2024-07-08T08:07:07+00:00","mainEntityOfPage":{"@id":"https:\/\/rehabilitemoscastellon.es\/index.php\/2024\/07\/08\/rehabilitacion-en-castellon-nos-acercamos\/"},"wordCount":140,"commentCount":0,"publisher":{"@id":"https:\/\/rehabilitemoscastellon.es\/#organization"},"image":{"@id":"https:\/\/rehabilitemoscastellon.es\/index.php\/2024\/07\/08\/rehabilitacion-en-castellon-nos-acercamos\/#primaryimage"},"thumbnailUrl":"https:\/\/rehabilitemoscastellon.es\/wp-content\/uploads\/2024\/07\/IMG-20240704-WA0013.jpg","articleSection":["noticias_es"],"inLanguage":"es","potentialAction":[{"@type":"CommentAction","name":"Comment","target":["https:\/\/rehabilitemoscastellon.es\/index.php\/2024\/07\/08\/rehabilitacion-en-castellon-nos-acercamos\/#respond"]}]},{"@type":"WebPage","@id":"https:\/\/rehabilitemoscastellon.es\/index.php\/2024\/07\/08\/rehabilitacion-en-castellon-nos-acercamos\/","url":"https:\/\/rehabilitemoscastellon.es\/index.php\/2024\/07\/08\/rehabilitacion-en-castellon-nos-acercamos\/","name":"Rehabilitaci\u00f3n en Castell\u00f3n: \u00a1Nos acercamos! - Rehabilitemos Castell&oacute;n","isPartOf":{"@id":"https:\/\/rehabilitemoscastellon.es\/#website"},"primaryImageOfPage":{"@id":"https:\/\/rehabilitemoscastellon.es\/index.php\/2024\/07\/08\/rehabilitacion-en-castellon-nos-acercamos\/#primaryimage"},"image":{"@id":"https:\/\/rehabilitemoscastellon.es\/index.php\/2024\/07\/08\/rehabilitacion-en-castellon-nos-acercamos\/#primaryimage"},"thumbnailUrl":"https:\/\/rehabilitemoscastellon.es\/wp-content\/uploads\/2024\/07\/IMG-20240704-WA0013.jpg","datePublished":"2024-07-08T08:03:51+00:00","dateModified":"2024-07-08T08:07:07+00:00","breadcrumb":{"@id":"https:\/\/rehabilitemoscastellon.es\/index.php\/2024\/07\/08\/rehabilitacion-en-castellon-nos-acercamos\/#breadcrumb"},"inLanguage":"es","potentialAction":[{"@type":"ReadAction","target":["https:\/\/rehabilitemoscastellon.es\/index.php\/2024\/07\/08\/rehabilitacion-en-castellon-nos-acercamos\/"]}]},{"@type":"ImageObject","inLanguage":"es","@id":"https:\/\/rehabilitemoscastellon.es\/index.php\/2024\/07\/08\/rehabilitacion-en-castellon-nos-acercamos\/#primaryimage","url":"https:\/\/rehabilitemoscastellon.es\/wp-content\/uploads\/2024\/07\/IMG-20240704-WA0013.jpg","contentUrl":"https:\/\/rehabilitemoscastellon.es\/wp-content\/uploads\/2024\/07\/IMG-20240704-WA0013.jpg","width":1200,"height":1600},{"@type":"BreadcrumbList","@id":"https:\/\/rehabilitemoscastellon.es\/index.php\/2024\/07\/08\/rehabilitacion-en-castellon-nos-acercamos\/#breadcrumb","itemListElement":[{"@type":"ListItem","position":1,"name":"Portada","item":"https:\/\/rehabilitemoscastellon.es\/"},{"@type":"ListItem","position":2,"name":"Rehabilitaci\u00f3n en Castell\u00f3n: \u00a1Nos acercamos!"}]},{"@type":"WebSite","@id":"https:\/\/rehabilitemoscastellon.es\/#website","url":"https:\/\/rehabilitemoscastellon.es\/","name":"Rehabilitemos Castell\u00f3n","description":"Mejoramos vivienda, edificios y barrios","publisher":{"@id":"https:\/\/rehabilitemoscastellon.es\/#organization"},"potentialAction":[{"@type":"SearchAction","target":{"@type":"EntryPoint","urlTemplate":"https:\/\/rehabilitemoscastellon.es\/?s={search_term_string}"},"query-input":"required name=search_term_string"}],"inLanguage":"es"},{"@type":"Organization","@id":"https:\/\/rehabilitemoscastellon.es\/#organization","name":"Rehabilitemos Castell\u00f3n","url":"https:\/\/rehabilitemoscastellon.es\/","logo":{"@type":"ImageObject","inLanguage":"es","@id":"https:\/\/rehabilitemoscastellon.es\/#\/schema\/logo\/image\/","url":"http:\/\/rehabilitemoscastellon.es\/wp-content\/uploads\/2024\/05\/logotipo_color.png","contentUrl":"http:\/\/rehabilitemoscastellon.es\/wp-content\/uploads\/2024\/05\/logotipo_color.png","width":2730,"height":1174,"caption":"Rehabilitemos Castell\u00f3n"},"image":{"@id":"https:\/\/rehabilitemoscastellon.es\/#\/schema\/logo\/image\/"}},{"@type":"Person","@id":"https:\/\/rehabilitemoscastellon.es\/#\/schema\/person\/dd69b3d1c7374f9c9cbbf63803680d49","name":"Mireia","image":{"@type":"ImageObject","inLanguage":"es","@id":"https:\/\/rehabilitemoscastellon.es\/#\/schema\/person\/image\/","url":"https:\/\/secure.gravatar.com\/avatar\/62d98139249b7c3738c5f7447ab943cdbd562a12e4526b2a57bf606df4246c05?s=96&d=mm&r=g","contentUrl":"https:\/\/secure.gravatar.com\/avatar\/62d98139249b7c3738c5f7447ab943cdbd562a12e4526b2a57bf606df4246c05?s=96&d=mm&r=g","caption":"Mireia"},"url":"https:\/\/rehabilitemoscastellon.es\/index.php\/author\/mireia\/"}]}},"_links":{"self":[{"href":"https:\/\/rehabilitemoscastellon.es\/index.php\/wp-json\/wp\/v2\/posts\/323","targetHints":{"allow":["GET"]}}],"collection":[{"href":"https:\/\/rehabilitemoscastellon.es\/index.php\/wp-json\/wp\/v2\/posts"}],"about":[{"href":"https:\/\/rehabilitemoscastellon.es\/index.php\/wp-json\/wp\/v2\/types\/post"}],"author":[{"embeddable":true,"href":"https:\/\/rehabilitemoscastellon.es\/index.php\/wp-json\/wp\/v2\/users\/2"}],"replies":[{"embeddable":true,"href":"https:\/\/rehabilitemoscastellon.es\/index.php\/wp-json\/wp\/v2\/comments?post=323"}],"version-history":[{"count":2,"href":"https:\/\/rehabilitemoscastellon.es\/index.php\/wp-json\/wp\/v2\/posts\/323\/revisions"}],"predecessor-version":[{"id":336,"href":"https:\/\/rehabilitemoscastellon.es\/index.php\/wp-json\/wp\/v2\/posts\/323\/revisions\/336"}],"wp:featuredmedia":[{"embeddable":true,"href":"https:\/\/rehabilitemoscastellon.es\/index.php\/wp-json\/wp\/v2\/media\/334"}],"wp:attachment":[{"href":"https:\/\/rehabilitemoscastellon.es\/index.php\/wp-json\/wp\/v2\/media?parent=323"}],"wp:term":[{"taxonomy":"category","embeddable":true,"href":"https:\/\/rehabilitemoscastellon.es\/index.php\/wp-json\/wp\/v2\/categories?post=323"},{"taxonomy":"post_tag","embeddable":true,"href":"https:\/\/rehabilitemoscastellon.es\/index.php\/wp-json\/wp\/v2\/tags?post=323"}],"curies":[{"name":"wp","href":"https:\/\/api.w.org\/{rel}","templated":true}]}}