{"id":308,"date":"2024-06-24T09:05:28","date_gmt":"2024-06-24T09:05:28","guid":{"rendered":"https:\/\/rehabilitemoscastellon.es\/?p=308"},"modified":"2024-07-09T10:23:16","modified_gmt":"2024-07-09T10:23:16","slug":"presentem-el-projecte","status":"publish","type":"post","link":"https:\/\/rehabilitemoscastellon.es\/index.php\/ca\/2024\/06\/24\/presentem-el-projecte\/","title":{"rendered":"Presentem el projecte!"},"content":{"rendered":"\n<p>El passat 10 de juny, l&#8217;Ajuntament de Castell\u00f3 de la Plana va celebrar la reuni\u00f3 de llan\u00e7ament del proc\u00e9s de participaci\u00f3 ciutadana i ve\u00efnal del projecte \u201cRehabilitem Castell\u00f3\u201d. En aquest esdeveniment, els presidents i presidentes de les comunitats de ve\u00efns dels grups 25 de novembre, Ramiro Ledesma, Jose Antonio, Mar Mediterr\u00e0nia i Sequiol van participar activament.<\/p>\n\n\n\n<p>L&#8217;objectiu principal del projecte \u00e9s convertir Castell\u00f3 en una ciutat m\u00e9s pr\u00f2spera, inclusiva i sostenible. Per a aconseguir-ho, es gestionaran els Entorns Residencials de Rehabilitaci\u00f3 Programada (ERRP). El projecte compta amb el cofinan\u00e7ament dels fons Next <em>Generation, en el marc del Pla de Recuperaci\u00f3, Transformaci\u00f3 i Resili\u00e8ncia (<\/em>PRTR), i l&#8217;Ajuntament de Castell\u00f3 subvencionar\u00e0 la resta fins a arribar al 100%, evitant costos econ\u00f2mics per als propietaris.<\/p>\n\n\n\n<p>Durant la jornada, l&#8217;equip t\u00e8cnic de l&#8217;Ajuntament i de l&#8217;Oficina T\u00e8cnica de Rehabilitaci\u00f3 van informar els responsables de les entitats ve\u00efnals sobre els objectius principals del projecte i les accions planificades en els diferents grups. Es va posar l&#8217;accent principalment en les jornades de participaci\u00f3.<\/p>\n\n\n\n<p>L&#8217;Oficina T\u00e8cnica de Gesti\u00f3 de Rehabilitaci\u00f3 de Barris, situada al carrer de les Adober\u00edes 4, exercir\u00e0 un paper fonamental en atendre directament la ciutadania implicada en el projecte de rehabilitaci\u00f3 de barris dels grups 25 de novembre, Ramiro Ledesma, Jose Antonio, Mar Mediterr\u00e0nia i Sequiol.<\/p>\n\n\n\n<p>A m\u00e9s, durant el mes de juliol, hi haur\u00e0 una Oficina M\u00f2bil disponible per a ve\u00efns i ve\u00efnes dels grups de Jos\u00e9 Antonio i Mar Mediterr\u00e0nia, situats en El Grau. Aquesta iniciativa garantir\u00e0 la proximitat amb totes les persones benefici\u00e0ries del projecte, reduint desigualtats d&#8217;acc\u00e9s i creant aliances necess\u00e0ries per a aconseguir els objectius previstos.<\/p>\n\n\n\n<p>El projecte \u201cRehabilitem Castell\u00f3\u201d es basa en la cocreaci\u00f3 amb els ve\u00efns i ve\u00efnes a trav\u00e9s de jornades de participaci\u00f3 i accions formatives. La rehabilitaci\u00f3 urbana \u00e9s una tasca col\u00b7lectiva que busca construir una ciutat m\u00e9s pr\u00f2spera, inclusiva i sostenible a Castell\u00f3.<\/p>\n\n\n\n<p>Les activitats de participaci\u00f3 i comunicaci\u00f3 van comen\u00e7ar el passat 17 de juny a les 18.00 en el grup de 25 novembre. Es mantindr\u00e0 la programaci\u00f3 prevista en tots els grups al llarg de les seg\u00fcents dues setmanes.<\/p>\n\n\n\n<p>Segueix aquest apartat per a con\u00e9ixer les novetats i pr\u00f2xims passos del projecte!<\/p>\n","protected":false},"excerpt":{"rendered":"<p>El passat 10 de juny, l&#8217;Ajuntament de Castell\u00f3 de la Plana va celebrar la reuni\u00f3 de llan\u00e7ament del proc\u00e9s de participaci\u00f3 ciutadana i ve\u00efnal del projecte \u201cRehabilitem Castell\u00f3\u201d. En aquest esdeveniment, els presidents i presidentes de les comunitats de ve\u00efns dels grups 25 de novembre, Ramiro Ledesma, Jose Antonio, Mar Mediterr\u00e0nia i Sequiol van participar [&hellip;]<\/p>\n","protected":false},"author":2,"featured_media":304,"comment_status":"open","ping_status":"open","sticky":false,"template":"","format":"standard","meta":{"_et_pb_use_builder":"off","_et_pb_old_content":"","_et_gb_content_width":"","footnotes":""},"categories":[21],"tags":[],"class_list":["post-308","post","type-post","status-publish","format-standard","has-post-thumbnail","hentry","category-noticies_va"],"yoast_head":"<!-- This site is optimized with the Yoast SEO plugin v22.7 - https:\/\/yoast.com\/wordpress\/plugins\/seo\/ -->\n<title>Presentem el projecte! - Rehabilitemos Castell&oacute;n<\/title>\n<meta name=\"robots\" content=\"index, follow, max-snippet:-1, max-image-preview:large, max-video-preview:-1\" \/>\n<link rel=\"canonical\" href=\"https:\/\/rehabilitemoscastellon.es\/index.php\/ca\/2024\/06\/24\/presentem-el-projecte\/\" \/>\n<meta property=\"og:locale\" content=\"es_ES\" \/>\n<meta property=\"og:type\" content=\"article\" \/>\n<meta property=\"og:title\" content=\"Presentem el projecte! - Rehabilitemos Castell&oacute;n\" \/>\n<meta property=\"og:description\" content=\"El passat 10 de juny, l&#8217;Ajuntament de Castell\u00f3 de la Plana va celebrar la reuni\u00f3 de llan\u00e7ament del proc\u00e9s de participaci\u00f3 ciutadana i ve\u00efnal del projecte \u201cRehabilitem Castell\u00f3\u201d. En aquest esdeveniment, els presidents i presidentes de les comunitats de ve\u00efns dels grups 25 de novembre, Ramiro Ledesma, Jose Antonio, Mar Mediterr\u00e0nia i Sequiol van participar [&hellip;]\" \/>\n<meta property=\"og:url\" content=\"https:\/\/rehabilitemoscastellon.es\/index.php\/ca\/2024\/06\/24\/presentem-el-projecte\/\" \/>\n<meta property=\"og:site_name\" content=\"Rehabilitemos Castell&oacute;n\" \/>\n<meta property=\"article:published_time\" content=\"2024-06-24T09:05:28+00:00\" \/>\n<meta property=\"article:modified_time\" content=\"2024-07-09T10:23:16+00:00\" \/>\n<meta property=\"og:image\" content=\"https:\/\/rehabilitemoscastellon.es\/wp-content\/uploads\/2024\/06\/4482352-1.jpg\" \/>\n\t<meta property=\"og:image:width\" content=\"1440\" \/>\n\t<meta property=\"og:image:height\" content=\"1080\" \/>\n\t<meta property=\"og:image:type\" content=\"image\/jpeg\" \/>\n<meta name=\"author\" content=\"Mireia\" \/>\n<meta name=\"twitter:card\" content=\"summary_large_image\" \/>\n<meta name=\"twitter:label1\" content=\"Escrito por\" \/>\n\t<meta name=\"twitter:data1\" content=\"Mireia\" \/>\n\t<meta name=\"twitter:label2\" content=\"Tiempo de lectura\" \/>\n\t<meta name=\"twitter:data2\" content=\"2 minutos\" \/>\n<script type=\"application\/ld+json\" class=\"yoast-schema-graph\">{\"@context\":\"https:\/\/schema.org\",\"@graph\":[{\"@type\":\"Article\",\"@id\":\"https:\/\/rehabilitemoscastellon.es\/index.php\/ca\/2024\/06\/24\/presentem-el-projecte\/#article\",\"isPartOf\":{\"@id\":\"https:\/\/rehabilitemoscastellon.es\/index.php\/ca\/2024\/06\/24\/presentem-el-projecte\/\"},\"author\":{\"name\":\"Mireia\",\"@id\":\"https:\/\/rehabilitemoscastellon.es\/#\/schema\/person\/dd69b3d1c7374f9c9cbbf63803680d49\"},\"headline\":\"Presentem el projecte!\",\"datePublished\":\"2024-06-24T09:05:28+00:00\",\"dateModified\":\"2024-07-09T10:23:16+00:00\",\"mainEntityOfPage\":{\"@id\":\"https:\/\/rehabilitemoscastellon.es\/index.php\/ca\/2024\/06\/24\/presentem-el-projecte\/\"},\"wordCount\":398,\"commentCount\":0,\"publisher\":{\"@id\":\"https:\/\/rehabilitemoscastellon.es\/#organization\"},\"image\":{\"@id\":\"https:\/\/rehabilitemoscastellon.es\/index.php\/ca\/2024\/06\/24\/presentem-el-projecte\/#primaryimage\"},\"thumbnailUrl\":\"https:\/\/rehabilitemoscastellon.es\/wp-content\/uploads\/2024\/06\/4482352-1.jpg\",\"articleSection\":[\"not\u00edcies_va\"],\"inLanguage\":\"es\",\"potentialAction\":[{\"@type\":\"CommentAction\",\"name\":\"Comment\",\"target\":[\"https:\/\/rehabilitemoscastellon.es\/index.php\/ca\/2024\/06\/24\/presentem-el-projecte\/#respond\"]}]},{\"@type\":\"WebPage\",\"@id\":\"https:\/\/rehabilitemoscastellon.es\/index.php\/ca\/2024\/06\/24\/presentem-el-projecte\/\",\"url\":\"https:\/\/rehabilitemoscastellon.es\/index.php\/ca\/2024\/06\/24\/presentem-el-projecte\/\",\"name\":\"Presentem el projecte! - Rehabilitemos Castell&oacute;n\",\"isPartOf\":{\"@id\":\"https:\/\/rehabilitemoscastellon.es\/#website\"},\"primaryImageOfPage\":{\"@id\":\"https:\/\/rehabilitemoscastellon.es\/index.php\/ca\/2024\/06\/24\/presentem-el-projecte\/#primaryimage\"},\"image\":{\"@id\":\"https:\/\/rehabilitemoscastellon.es\/index.php\/ca\/2024\/06\/24\/presentem-el-projecte\/#primaryimage\"},\"thumbnailUrl\":\"https:\/\/rehabilitemoscastellon.es\/wp-content\/uploads\/2024\/06\/4482352-1.jpg\",\"datePublished\":\"2024-06-24T09:05:28+00:00\",\"dateModified\":\"2024-07-09T10:23:16+00:00\",\"breadcrumb\":{\"@id\":\"https:\/\/rehabilitemoscastellon.es\/index.php\/ca\/2024\/06\/24\/presentem-el-projecte\/#breadcrumb\"},\"inLanguage\":\"es\",\"potentialAction\":[{\"@type\":\"ReadAction\",\"target\":[\"https:\/\/rehabilitemoscastellon.es\/index.php\/ca\/2024\/06\/24\/presentem-el-projecte\/\"]}]},{\"@type\":\"ImageObject\",\"inLanguage\":\"es\",\"@id\":\"https:\/\/rehabilitemoscastellon.es\/index.php\/ca\/2024\/06\/24\/presentem-el-projecte\/#primaryimage\",\"url\":\"https:\/\/rehabilitemoscastellon.es\/wp-content\/uploads\/2024\/06\/4482352-1.jpg\",\"contentUrl\":\"https:\/\/rehabilitemoscastellon.es\/wp-content\/uploads\/2024\/06\/4482352-1.jpg\",\"width\":1440,\"height\":1080},{\"@type\":\"BreadcrumbList\",\"@id\":\"https:\/\/rehabilitemoscastellon.es\/index.php\/ca\/2024\/06\/24\/presentem-el-projecte\/#breadcrumb\",\"itemListElement\":[{\"@type\":\"ListItem\",\"position\":1,\"name\":\"Portada\",\"item\":\"https:\/\/rehabilitemoscastellon.es\/\"},{\"@type\":\"ListItem\",\"position\":2,\"name\":\"Presentem el projecte!\"}]},{\"@type\":\"WebSite\",\"@id\":\"https:\/\/rehabilitemoscastellon.es\/#website\",\"url\":\"https:\/\/rehabilitemoscastellon.es\/\",\"name\":\"Rehabilitemos Castell\u00f3n\",\"description\":\"Mejoramos vivienda, edificios y barrios\",\"publisher\":{\"@id\":\"https:\/\/rehabilitemoscastellon.es\/#organization\"},\"potentialAction\":[{\"@type\":\"SearchAction\",\"target\":{\"@type\":\"EntryPoint\",\"urlTemplate\":\"https:\/\/rehabilitemoscastellon.es\/?s={search_term_string}\"},\"query-input\":\"required name=search_term_string\"}],\"inLanguage\":\"es\"},{\"@type\":\"Organization\",\"@id\":\"https:\/\/rehabilitemoscastellon.es\/#organization\",\"name\":\"Rehabilitemos Castell\u00f3n\",\"url\":\"https:\/\/rehabilitemoscastellon.es\/\",\"logo\":{\"@type\":\"ImageObject\",\"inLanguage\":\"es\",\"@id\":\"https:\/\/rehabilitemoscastellon.es\/#\/schema\/logo\/image\/\",\"url\":\"http:\/\/rehabilitemoscastellon.es\/wp-content\/uploads\/2024\/05\/logotipo_color.png\",\"contentUrl\":\"http:\/\/rehabilitemoscastellon.es\/wp-content\/uploads\/2024\/05\/logotipo_color.png\",\"width\":2730,\"height\":1174,\"caption\":\"Rehabilitemos Castell\u00f3n\"},\"image\":{\"@id\":\"https:\/\/rehabilitemoscastellon.es\/#\/schema\/logo\/image\/\"}},{\"@type\":\"Person\",\"@id\":\"https:\/\/rehabilitemoscastellon.es\/#\/schema\/person\/dd69b3d1c7374f9c9cbbf63803680d49\",\"name\":\"Mireia\",\"image\":{\"@type\":\"ImageObject\",\"inLanguage\":\"es\",\"@id\":\"https:\/\/rehabilitemoscastellon.es\/#\/schema\/person\/image\/\",\"url\":\"https:\/\/secure.gravatar.com\/avatar\/62d98139249b7c3738c5f7447ab943cdbd562a12e4526b2a57bf606df4246c05?s=96&d=mm&r=g\",\"contentUrl\":\"https:\/\/secure.gravatar.com\/avatar\/62d98139249b7c3738c5f7447ab943cdbd562a12e4526b2a57bf606df4246c05?s=96&d=mm&r=g\",\"caption\":\"Mireia\"},\"url\":\"https:\/\/rehabilitemoscastellon.es\/index.php\/author\/mireia\/\"}]}<\/script>\n<!-- \/ Yoast SEO plugin. -->","yoast_head_json":{"title":"Presentem el projecte! - Rehabilitemos Castell&oacute;n","robots":{"index":"index","follow":"follow","max-snippet":"max-snippet:-1","max-image-preview":"max-image-preview:large","max-video-preview":"max-video-preview:-1"},"canonical":"https:\/\/rehabilitemoscastellon.es\/index.php\/ca\/2024\/06\/24\/presentem-el-projecte\/","og_locale":"es_ES","og_type":"article","og_title":"Presentem el projecte! - Rehabilitemos Castell&oacute;n","og_description":"El passat 10 de juny, l&#8217;Ajuntament de Castell\u00f3 de la Plana va celebrar la reuni\u00f3 de llan\u00e7ament del proc\u00e9s de participaci\u00f3 ciutadana i ve\u00efnal del projecte \u201cRehabilitem Castell\u00f3\u201d. En aquest esdeveniment, els presidents i presidentes de les comunitats de ve\u00efns dels grups 25 de novembre, Ramiro Ledesma, Jose Antonio, Mar Mediterr\u00e0nia i Sequiol van participar [&hellip;]","og_url":"https:\/\/rehabilitemoscastellon.es\/index.php\/ca\/2024\/06\/24\/presentem-el-projecte\/","og_site_name":"Rehabilitemos Castell&oacute;n","article_published_time":"2024-06-24T09:05:28+00:00","article_modified_time":"2024-07-09T10:23:16+00:00","og_image":[{"width":1440,"height":1080,"url":"https:\/\/rehabilitemoscastellon.es\/wp-content\/uploads\/2024\/06\/4482352-1.jpg","type":"image\/jpeg"}],"author":"Mireia","twitter_card":"summary_large_image","twitter_misc":{"Escrito por":"Mireia","Tiempo de lectura":"2 minutos"},"schema":{"@context":"https:\/\/schema.org","@graph":[{"@type":"Article","@id":"https:\/\/rehabilitemoscastellon.es\/index.php\/ca\/2024\/06\/24\/presentem-el-projecte\/#article","isPartOf":{"@id":"https:\/\/rehabilitemoscastellon.es\/index.php\/ca\/2024\/06\/24\/presentem-el-projecte\/"},"author":{"name":"Mireia","@id":"https:\/\/rehabilitemoscastellon.es\/#\/schema\/person\/dd69b3d1c7374f9c9cbbf63803680d49"},"headline":"Presentem el projecte!","datePublished":"2024-06-24T09:05:28+00:00","dateModified":"2024-07-09T10:23:16+00:00","mainEntityOfPage":{"@id":"https:\/\/rehabilitemoscastellon.es\/index.php\/ca\/2024\/06\/24\/presentem-el-projecte\/"},"wordCount":398,"commentCount":0,"publisher":{"@id":"https:\/\/rehabilitemoscastellon.es\/#organization"},"image":{"@id":"https:\/\/rehabilitemoscastellon.es\/index.php\/ca\/2024\/06\/24\/presentem-el-projecte\/#primaryimage"},"thumbnailUrl":"https:\/\/rehabilitemoscastellon.es\/wp-content\/uploads\/2024\/06\/4482352-1.jpg","articleSection":["not\u00edcies_va"],"inLanguage":"es","potentialAction":[{"@type":"CommentAction","name":"Comment","target":["https:\/\/rehabilitemoscastellon.es\/index.php\/ca\/2024\/06\/24\/presentem-el-projecte\/#respond"]}]},{"@type":"WebPage","@id":"https:\/\/rehabilitemoscastellon.es\/index.php\/ca\/2024\/06\/24\/presentem-el-projecte\/","url":"https:\/\/rehabilitemoscastellon.es\/index.php\/ca\/2024\/06\/24\/presentem-el-projecte\/","name":"Presentem el projecte! - Rehabilitemos Castell&oacute;n","isPartOf":{"@id":"https:\/\/rehabilitemoscastellon.es\/#website"},"primaryImageOfPage":{"@id":"https:\/\/rehabilitemoscastellon.es\/index.php\/ca\/2024\/06\/24\/presentem-el-projecte\/#primaryimage"},"image":{"@id":"https:\/\/rehabilitemoscastellon.es\/index.php\/ca\/2024\/06\/24\/presentem-el-projecte\/#primaryimage"},"thumbnailUrl":"https:\/\/rehabilitemoscastellon.es\/wp-content\/uploads\/2024\/06\/4482352-1.jpg","datePublished":"2024-06-24T09:05:28+00:00","dateModified":"2024-07-09T10:23:16+00:00","breadcrumb":{"@id":"https:\/\/rehabilitemoscastellon.es\/index.php\/ca\/2024\/06\/24\/presentem-el-projecte\/#breadcrumb"},"inLanguage":"es","potentialAction":[{"@type":"ReadAction","target":["https:\/\/rehabilitemoscastellon.es\/index.php\/ca\/2024\/06\/24\/presentem-el-projecte\/"]}]},{"@type":"ImageObject","inLanguage":"es","@id":"https:\/\/rehabilitemoscastellon.es\/index.php\/ca\/2024\/06\/24\/presentem-el-projecte\/#primaryimage","url":"https:\/\/rehabilitemoscastellon.es\/wp-content\/uploads\/2024\/06\/4482352-1.jpg","contentUrl":"https:\/\/rehabilitemoscastellon.es\/wp-content\/uploads\/2024\/06\/4482352-1.jpg","width":1440,"height":1080},{"@type":"BreadcrumbList","@id":"https:\/\/rehabilitemoscastellon.es\/index.php\/ca\/2024\/06\/24\/presentem-el-projecte\/#breadcrumb","itemListElement":[{"@type":"ListItem","position":1,"name":"Portada","item":"https:\/\/rehabilitemoscastellon.es\/"},{"@type":"ListItem","position":2,"name":"Presentem el projecte!"}]},{"@type":"WebSite","@id":"https:\/\/rehabilitemoscastellon.es\/#website","url":"https:\/\/rehabilitemoscastellon.es\/","name":"Rehabilitemos Castell\u00f3n","description":"Mejoramos vivienda, edificios y barrios","publisher":{"@id":"https:\/\/rehabilitemoscastellon.es\/#organization"},"potentialAction":[{"@type":"SearchAction","target":{"@type":"EntryPoint","urlTemplate":"https:\/\/rehabilitemoscastellon.es\/?s={search_term_string}"},"query-input":"required name=search_term_string"}],"inLanguage":"es"},{"@type":"Organization","@id":"https:\/\/rehabilitemoscastellon.es\/#organization","name":"Rehabilitemos Castell\u00f3n","url":"https:\/\/rehabilitemoscastellon.es\/","logo":{"@type":"ImageObject","inLanguage":"es","@id":"https:\/\/rehabilitemoscastellon.es\/#\/schema\/logo\/image\/","url":"http:\/\/rehabilitemoscastellon.es\/wp-content\/uploads\/2024\/05\/logotipo_color.png","contentUrl":"http:\/\/rehabilitemoscastellon.es\/wp-content\/uploads\/2024\/05\/logotipo_color.png","width":2730,"height":1174,"caption":"Rehabilitemos Castell\u00f3n"},"image":{"@id":"https:\/\/rehabilitemoscastellon.es\/#\/schema\/logo\/image\/"}},{"@type":"Person","@id":"https:\/\/rehabilitemoscastellon.es\/#\/schema\/person\/dd69b3d1c7374f9c9cbbf63803680d49","name":"Mireia","image":{"@type":"ImageObject","inLanguage":"es","@id":"https:\/\/rehabilitemoscastellon.es\/#\/schema\/person\/image\/","url":"https:\/\/secure.gravatar.com\/avatar\/62d98139249b7c3738c5f7447ab943cdbd562a12e4526b2a57bf606df4246c05?s=96&d=mm&r=g","contentUrl":"https:\/\/secure.gravatar.com\/avatar\/62d98139249b7c3738c5f7447ab943cdbd562a12e4526b2a57bf606df4246c05?s=96&d=mm&r=g","caption":"Mireia"},"url":"https:\/\/rehabilitemoscastellon.es\/index.php\/author\/mireia\/"}]}},"_links":{"self":[{"href":"https:\/\/rehabilitemoscastellon.es\/index.php\/wp-json\/wp\/v2\/posts\/308","targetHints":{"allow":["GET"]}}],"collection":[{"href":"https:\/\/rehabilitemoscastellon.es\/index.php\/wp-json\/wp\/v2\/posts"}],"about":[{"href":"https:\/\/rehabilitemoscastellon.es\/index.php\/wp-json\/wp\/v2\/types\/post"}],"author":[{"embeddable":true,"href":"https:\/\/rehabilitemoscastellon.es\/index.php\/wp-json\/wp\/v2\/users\/2"}],"replies":[{"embeddable":true,"href":"https:\/\/rehabilitemoscastellon.es\/index.php\/wp-json\/wp\/v2\/comments?post=308"}],"version-history":[{"count":2,"href":"https:\/\/rehabilitemoscastellon.es\/index.php\/wp-json\/wp\/v2\/posts\/308\/revisions"}],"predecessor-version":[{"id":310,"href":"https:\/\/rehabilitemoscastellon.es\/index.php\/wp-json\/wp\/v2\/posts\/308\/revisions\/310"}],"wp:featuredmedia":[{"embeddable":true,"href":"https:\/\/rehabilitemoscastellon.es\/index.php\/wp-json\/wp\/v2\/media\/304"}],"wp:attachment":[{"href":"https:\/\/rehabilitemoscastellon.es\/index.php\/wp-json\/wp\/v2\/media?parent=308"}],"wp:term":[{"taxonomy":"category","embeddable":true,"href":"https:\/\/rehabilitemoscastellon.es\/index.php\/wp-json\/wp\/v2\/categories?post=308"},{"taxonomy":"post_tag","embeddable":true,"href":"https:\/\/rehabilitemoscastellon.es\/index.php\/wp-json\/wp\/v2\/tags?post=308"}],"curies":[{"name":"wp","href":"https:\/\/api.w.org\/{rel}","templated":true}]}}