{"id":303,"date":"2024-06-24T07:58:15","date_gmt":"2024-06-24T07:58:15","guid":{"rendered":"https:\/\/rehabilitemoscastellon.es\/?p=303"},"modified":"2024-06-24T09:03:16","modified_gmt":"2024-06-24T09:03:16","slug":"presentamos-el-proyecto","status":"publish","type":"post","link":"https:\/\/rehabilitemoscastellon.es\/index.php\/2024\/06\/24\/presentamos-el-proyecto\/","title":{"rendered":"\u00a1Presentamos el proyecto!"},"content":{"rendered":"\n<p><strong>Rehabilitemos Castell\u00f3n: Construyendo una Ciudad Sostenible<\/strong><\/p>\n\n\n\n<p>El pasado 10 de junio, el Ayuntamiento de Castell\u00f3n de la Plana celebr\u00f3 la reuni\u00f3n de lanzamiento del proceso de participaci\u00f3n ciudadana y vecinal del proyecto \u201cRehabilitemos Castell\u00f3n\u201d. En este evento, los presidentes y presidentas de las comunidades de vecinos de los grupos 25 de noviembre, Ramiro Ledesma, Jose Antonio, Mar Mediterr\u00e1neo y Sequiol participaron activamente.<\/p>\n\n\n\n<p>El objetivo principal del proyecto es convertir Castell\u00f3n en una ciudad m\u00e1s pr\u00f3spera, inclusiva y sostenible. Para lograrlo, se gestionar\u00e1n los Entornos Residenciales de Rehabilitaci\u00f3n Programada (ERRP). El proyecto cuenta con la cofinanciaci\u00f3n de los fondos Next Generation, en el marco del Plan de Recuperaci\u00f3n, Transformaci\u00f3n y Resiliencia (PRTR), y el Ayuntamiento de Castell\u00f3n subvencionar\u00e1 el resto hasta llegar al 100%, evitando costes econ\u00f3micos para los propietarios.<\/p>\n\n\n\n<p>Durante la jornada, el equipo t\u00e9cnico del Ayuntamiento y de la Oficina T\u00e9cnica de Rehabilitaci\u00f3n informaron a los responsables de las entidades vecinales sobre los objetivos principales del proyecto y las acciones planificadas en los diferentes grupos. Se hizo especial hincapi\u00e9 en las jornadas de participaci\u00f3n.<\/p>\n\n\n\n<p>La Oficina T\u00e9cnica de Gesti\u00f3n de Rehabilitaci\u00f3n de Barrios, ubicada en la calle Tener\u00edas 4, desempe\u00f1ar\u00e1 un papel fundamental al atender directamente a la ciudadan\u00eda implicada en el proyecto de rehabilitaci\u00f3n de barrios de los grupos 25 de noviembre, Ramiro Ledesma, Jose Antonio, Mar Mediterr\u00e1neo y Sequiol.<\/p>\n\n\n\n<p>Adem\u00e1s, durante el mes de julio, habr\u00e1 una Oficina M\u00f3vil disponible para vecinos y vecinas de los grupos de Jos\u00e9 Antonio y Mar Mediterr\u00e1neo, situados en El Grao. Esta iniciativa garantizar\u00e1 la cercan\u00eda con todas las personas beneficiarias del proyecto, reduciendo desigualdades de acceso y creando alianzas necesarias para lograr los objetivos previstos.<\/p>\n\n\n\n<p>El proyecto \u201cRehabilitemos Castell\u00f3n\u201d se basa en la cocreaci\u00f3n con los vecinos y vecinas a trav\u00e9s de jornadas de participaci\u00f3n y acciones formativas. La rehabilitaci\u00f3n urbana es una tarea colectiva que busca construir una ciudad m\u00e1s pr\u00f3spera, inclusiva y sostenible en Castell\u00f3n.<\/p>\n\n\n\n<p>Las actividades de participaci\u00f3n y comunicaci\u00f3n comenzaron el pasado 17 de junio a las 18:00 en el grupo de 25 noviembre. Se mantendr\u00e1 la programaci\u00f3n prevista en todos los grupos a lo largo de las siguientes dos semanas.<\/p>\n\n\n\n<p>\u00a1Sigue este apartado para conocer las novedades y pr\u00f3ximos pasos del proyecto!<\/p>\n","protected":false},"excerpt":{"rendered":"<p>Rehabilitemos Castell\u00f3n: Construyendo una Ciudad Sostenible El pasado 10 de junio, el Ayuntamiento de Castell\u00f3n de la Plana celebr\u00f3 la reuni\u00f3n de lanzamiento del proceso de participaci\u00f3n ciudadana y vecinal del proyecto \u201cRehabilitemos Castell\u00f3n\u201d. En este evento, los presidentes y presidentas de las comunidades de vecinos de los grupos 25 de noviembre, Ramiro Ledesma, Jose [&hellip;]<\/p>\n","protected":false},"author":2,"featured_media":304,"comment_status":"open","ping_status":"open","sticky":false,"template":"","format":"standard","meta":{"_et_pb_use_builder":"off","_et_pb_old_content":"","_et_gb_content_width":"","footnotes":""},"categories":[19],"tags":[],"class_list":["post-303","post","type-post","status-publish","format-standard","has-post-thumbnail","hentry","category-noticias_es"],"yoast_head":"<!-- This site is optimized with the Yoast SEO plugin v22.7 - https:\/\/yoast.com\/wordpress\/plugins\/seo\/ -->\n<title>\u00a1Presentamos el proyecto! - Rehabilitemos Castell&oacute;n<\/title>\n<meta name=\"robots\" content=\"index, follow, max-snippet:-1, max-image-preview:large, max-video-preview:-1\" \/>\n<link rel=\"canonical\" href=\"https:\/\/rehabilitemoscastellon.es\/index.php\/2024\/06\/24\/presentamos-el-proyecto\/\" \/>\n<meta property=\"og:locale\" content=\"es_ES\" \/>\n<meta property=\"og:type\" content=\"article\" \/>\n<meta property=\"og:title\" content=\"\u00a1Presentamos el proyecto! - Rehabilitemos Castell&oacute;n\" \/>\n<meta property=\"og:description\" content=\"Rehabilitemos Castell\u00f3n: Construyendo una Ciudad Sostenible El pasado 10 de junio, el Ayuntamiento de Castell\u00f3n de la Plana celebr\u00f3 la reuni\u00f3n de lanzamiento del proceso de participaci\u00f3n ciudadana y vecinal del proyecto \u201cRehabilitemos Castell\u00f3n\u201d. En este evento, los presidentes y presidentas de las comunidades de vecinos de los grupos 25 de noviembre, Ramiro Ledesma, Jose [&hellip;]\" \/>\n<meta property=\"og:url\" content=\"https:\/\/rehabilitemoscastellon.es\/index.php\/2024\/06\/24\/presentamos-el-proyecto\/\" \/>\n<meta property=\"og:site_name\" content=\"Rehabilitemos Castell&oacute;n\" \/>\n<meta property=\"article:published_time\" content=\"2024-06-24T07:58:15+00:00\" \/>\n<meta property=\"article:modified_time\" content=\"2024-06-24T09:03:16+00:00\" \/>\n<meta property=\"og:image\" content=\"https:\/\/rehabilitemoscastellon.es\/wp-content\/uploads\/2024\/06\/4482352-1.jpg\" \/>\n\t<meta property=\"og:image:width\" content=\"1440\" \/>\n\t<meta property=\"og:image:height\" content=\"1080\" \/>\n\t<meta property=\"og:image:type\" content=\"image\/jpeg\" \/>\n<meta name=\"author\" content=\"Mireia\" \/>\n<meta name=\"twitter:card\" content=\"summary_large_image\" \/>\n<meta name=\"twitter:label1\" content=\"Escrito por\" \/>\n\t<meta name=\"twitter:data1\" content=\"Mireia\" \/>\n\t<meta name=\"twitter:label2\" content=\"Tiempo de lectura\" \/>\n\t<meta name=\"twitter:data2\" content=\"2 minutos\" \/>\n<script type=\"application\/ld+json\" class=\"yoast-schema-graph\">{\"@context\":\"https:\/\/schema.org\",\"@graph\":[{\"@type\":\"Article\",\"@id\":\"https:\/\/rehabilitemoscastellon.es\/index.php\/2024\/06\/24\/presentamos-el-proyecto\/#article\",\"isPartOf\":{\"@id\":\"https:\/\/rehabilitemoscastellon.es\/index.php\/2024\/06\/24\/presentamos-el-proyecto\/\"},\"author\":{\"name\":\"Mireia\",\"@id\":\"https:\/\/rehabilitemoscastellon.es\/#\/schema\/person\/dd69b3d1c7374f9c9cbbf63803680d49\"},\"headline\":\"\u00a1Presentamos el proyecto!\",\"datePublished\":\"2024-06-24T07:58:15+00:00\",\"dateModified\":\"2024-06-24T09:03:16+00:00\",\"mainEntityOfPage\":{\"@id\":\"https:\/\/rehabilitemoscastellon.es\/index.php\/2024\/06\/24\/presentamos-el-proyecto\/\"},\"wordCount\":406,\"commentCount\":0,\"publisher\":{\"@id\":\"https:\/\/rehabilitemoscastellon.es\/#organization\"},\"image\":{\"@id\":\"https:\/\/rehabilitemoscastellon.es\/index.php\/2024\/06\/24\/presentamos-el-proyecto\/#primaryimage\"},\"thumbnailUrl\":\"https:\/\/rehabilitemoscastellon.es\/wp-content\/uploads\/2024\/06\/4482352-1.jpg\",\"articleSection\":[\"noticias_es\"],\"inLanguage\":\"es\",\"potentialAction\":[{\"@type\":\"CommentAction\",\"name\":\"Comment\",\"target\":[\"https:\/\/rehabilitemoscastellon.es\/index.php\/2024\/06\/24\/presentamos-el-proyecto\/#respond\"]}]},{\"@type\":\"WebPage\",\"@id\":\"https:\/\/rehabilitemoscastellon.es\/index.php\/2024\/06\/24\/presentamos-el-proyecto\/\",\"url\":\"https:\/\/rehabilitemoscastellon.es\/index.php\/2024\/06\/24\/presentamos-el-proyecto\/\",\"name\":\"\u00a1Presentamos el proyecto! - Rehabilitemos Castell&oacute;n\",\"isPartOf\":{\"@id\":\"https:\/\/rehabilitemoscastellon.es\/#website\"},\"primaryImageOfPage\":{\"@id\":\"https:\/\/rehabilitemoscastellon.es\/index.php\/2024\/06\/24\/presentamos-el-proyecto\/#primaryimage\"},\"image\":{\"@id\":\"https:\/\/rehabilitemoscastellon.es\/index.php\/2024\/06\/24\/presentamos-el-proyecto\/#primaryimage\"},\"thumbnailUrl\":\"https:\/\/rehabilitemoscastellon.es\/wp-content\/uploads\/2024\/06\/4482352-1.jpg\",\"datePublished\":\"2024-06-24T07:58:15+00:00\",\"dateModified\":\"2024-06-24T09:03:16+00:00\",\"breadcrumb\":{\"@id\":\"https:\/\/rehabilitemoscastellon.es\/index.php\/2024\/06\/24\/presentamos-el-proyecto\/#breadcrumb\"},\"inLanguage\":\"es\",\"potentialAction\":[{\"@type\":\"ReadAction\",\"target\":[\"https:\/\/rehabilitemoscastellon.es\/index.php\/2024\/06\/24\/presentamos-el-proyecto\/\"]}]},{\"@type\":\"ImageObject\",\"inLanguage\":\"es\",\"@id\":\"https:\/\/rehabilitemoscastellon.es\/index.php\/2024\/06\/24\/presentamos-el-proyecto\/#primaryimage\",\"url\":\"https:\/\/rehabilitemoscastellon.es\/wp-content\/uploads\/2024\/06\/4482352-1.jpg\",\"contentUrl\":\"https:\/\/rehabilitemoscastellon.es\/wp-content\/uploads\/2024\/06\/4482352-1.jpg\",\"width\":1440,\"height\":1080},{\"@type\":\"BreadcrumbList\",\"@id\":\"https:\/\/rehabilitemoscastellon.es\/index.php\/2024\/06\/24\/presentamos-el-proyecto\/#breadcrumb\",\"itemListElement\":[{\"@type\":\"ListItem\",\"position\":1,\"name\":\"Portada\",\"item\":\"https:\/\/rehabilitemoscastellon.es\/\"},{\"@type\":\"ListItem\",\"position\":2,\"name\":\"\u00a1Presentamos el proyecto!\"}]},{\"@type\":\"WebSite\",\"@id\":\"https:\/\/rehabilitemoscastellon.es\/#website\",\"url\":\"https:\/\/rehabilitemoscastellon.es\/\",\"name\":\"Rehabilitemos Castell\u00f3n\",\"description\":\"Mejoramos vivienda, edificios y barrios\",\"publisher\":{\"@id\":\"https:\/\/rehabilitemoscastellon.es\/#organization\"},\"potentialAction\":[{\"@type\":\"SearchAction\",\"target\":{\"@type\":\"EntryPoint\",\"urlTemplate\":\"https:\/\/rehabilitemoscastellon.es\/?s={search_term_string}\"},\"query-input\":\"required name=search_term_string\"}],\"inLanguage\":\"es\"},{\"@type\":\"Organization\",\"@id\":\"https:\/\/rehabilitemoscastellon.es\/#organization\",\"name\":\"Rehabilitemos Castell\u00f3n\",\"url\":\"https:\/\/rehabilitemoscastellon.es\/\",\"logo\":{\"@type\":\"ImageObject\",\"inLanguage\":\"es\",\"@id\":\"https:\/\/rehabilitemoscastellon.es\/#\/schema\/logo\/image\/\",\"url\":\"http:\/\/rehabilitemoscastellon.es\/wp-content\/uploads\/2024\/05\/logotipo_color.png\",\"contentUrl\":\"http:\/\/rehabilitemoscastellon.es\/wp-content\/uploads\/2024\/05\/logotipo_color.png\",\"width\":2730,\"height\":1174,\"caption\":\"Rehabilitemos Castell\u00f3n\"},\"image\":{\"@id\":\"https:\/\/rehabilitemoscastellon.es\/#\/schema\/logo\/image\/\"}},{\"@type\":\"Person\",\"@id\":\"https:\/\/rehabilitemoscastellon.es\/#\/schema\/person\/dd69b3d1c7374f9c9cbbf63803680d49\",\"name\":\"Mireia\",\"image\":{\"@type\":\"ImageObject\",\"inLanguage\":\"es\",\"@id\":\"https:\/\/rehabilitemoscastellon.es\/#\/schema\/person\/image\/\",\"url\":\"https:\/\/secure.gravatar.com\/avatar\/62d98139249b7c3738c5f7447ab943cdbd562a12e4526b2a57bf606df4246c05?s=96&d=mm&r=g\",\"contentUrl\":\"https:\/\/secure.gravatar.com\/avatar\/62d98139249b7c3738c5f7447ab943cdbd562a12e4526b2a57bf606df4246c05?s=96&d=mm&r=g\",\"caption\":\"Mireia\"},\"url\":\"https:\/\/rehabilitemoscastellon.es\/index.php\/author\/mireia\/\"}]}<\/script>\n<!-- \/ Yoast SEO plugin. -->","yoast_head_json":{"title":"\u00a1Presentamos el proyecto! - Rehabilitemos Castell&oacute;n","robots":{"index":"index","follow":"follow","max-snippet":"max-snippet:-1","max-image-preview":"max-image-preview:large","max-video-preview":"max-video-preview:-1"},"canonical":"https:\/\/rehabilitemoscastellon.es\/index.php\/2024\/06\/24\/presentamos-el-proyecto\/","og_locale":"es_ES","og_type":"article","og_title":"\u00a1Presentamos el proyecto! - Rehabilitemos Castell&oacute;n","og_description":"Rehabilitemos Castell\u00f3n: Construyendo una Ciudad Sostenible El pasado 10 de junio, el Ayuntamiento de Castell\u00f3n de la Plana celebr\u00f3 la reuni\u00f3n de lanzamiento del proceso de participaci\u00f3n ciudadana y vecinal del proyecto \u201cRehabilitemos Castell\u00f3n\u201d. En este evento, los presidentes y presidentas de las comunidades de vecinos de los grupos 25 de noviembre, Ramiro Ledesma, Jose [&hellip;]","og_url":"https:\/\/rehabilitemoscastellon.es\/index.php\/2024\/06\/24\/presentamos-el-proyecto\/","og_site_name":"Rehabilitemos Castell&oacute;n","article_published_time":"2024-06-24T07:58:15+00:00","article_modified_time":"2024-06-24T09:03:16+00:00","og_image":[{"width":1440,"height":1080,"url":"https:\/\/rehabilitemoscastellon.es\/wp-content\/uploads\/2024\/06\/4482352-1.jpg","type":"image\/jpeg"}],"author":"Mireia","twitter_card":"summary_large_image","twitter_misc":{"Escrito por":"Mireia","Tiempo de lectura":"2 minutos"},"schema":{"@context":"https:\/\/schema.org","@graph":[{"@type":"Article","@id":"https:\/\/rehabilitemoscastellon.es\/index.php\/2024\/06\/24\/presentamos-el-proyecto\/#article","isPartOf":{"@id":"https:\/\/rehabilitemoscastellon.es\/index.php\/2024\/06\/24\/presentamos-el-proyecto\/"},"author":{"name":"Mireia","@id":"https:\/\/rehabilitemoscastellon.es\/#\/schema\/person\/dd69b3d1c7374f9c9cbbf63803680d49"},"headline":"\u00a1Presentamos el proyecto!","datePublished":"2024-06-24T07:58:15+00:00","dateModified":"2024-06-24T09:03:16+00:00","mainEntityOfPage":{"@id":"https:\/\/rehabilitemoscastellon.es\/index.php\/2024\/06\/24\/presentamos-el-proyecto\/"},"wordCount":406,"commentCount":0,"publisher":{"@id":"https:\/\/rehabilitemoscastellon.es\/#organization"},"image":{"@id":"https:\/\/rehabilitemoscastellon.es\/index.php\/2024\/06\/24\/presentamos-el-proyecto\/#primaryimage"},"thumbnailUrl":"https:\/\/rehabilitemoscastellon.es\/wp-content\/uploads\/2024\/06\/4482352-1.jpg","articleSection":["noticias_es"],"inLanguage":"es","potentialAction":[{"@type":"CommentAction","name":"Comment","target":["https:\/\/rehabilitemoscastellon.es\/index.php\/2024\/06\/24\/presentamos-el-proyecto\/#respond"]}]},{"@type":"WebPage","@id":"https:\/\/rehabilitemoscastellon.es\/index.php\/2024\/06\/24\/presentamos-el-proyecto\/","url":"https:\/\/rehabilitemoscastellon.es\/index.php\/2024\/06\/24\/presentamos-el-proyecto\/","name":"\u00a1Presentamos el proyecto! - Rehabilitemos Castell&oacute;n","isPartOf":{"@id":"https:\/\/rehabilitemoscastellon.es\/#website"},"primaryImageOfPage":{"@id":"https:\/\/rehabilitemoscastellon.es\/index.php\/2024\/06\/24\/presentamos-el-proyecto\/#primaryimage"},"image":{"@id":"https:\/\/rehabilitemoscastellon.es\/index.php\/2024\/06\/24\/presentamos-el-proyecto\/#primaryimage"},"thumbnailUrl":"https:\/\/rehabilitemoscastellon.es\/wp-content\/uploads\/2024\/06\/4482352-1.jpg","datePublished":"2024-06-24T07:58:15+00:00","dateModified":"2024-06-24T09:03:16+00:00","breadcrumb":{"@id":"https:\/\/rehabilitemoscastellon.es\/index.php\/2024\/06\/24\/presentamos-el-proyecto\/#breadcrumb"},"inLanguage":"es","potentialAction":[{"@type":"ReadAction","target":["https:\/\/rehabilitemoscastellon.es\/index.php\/2024\/06\/24\/presentamos-el-proyecto\/"]}]},{"@type":"ImageObject","inLanguage":"es","@id":"https:\/\/rehabilitemoscastellon.es\/index.php\/2024\/06\/24\/presentamos-el-proyecto\/#primaryimage","url":"https:\/\/rehabilitemoscastellon.es\/wp-content\/uploads\/2024\/06\/4482352-1.jpg","contentUrl":"https:\/\/rehabilitemoscastellon.es\/wp-content\/uploads\/2024\/06\/4482352-1.jpg","width":1440,"height":1080},{"@type":"BreadcrumbList","@id":"https:\/\/rehabilitemoscastellon.es\/index.php\/2024\/06\/24\/presentamos-el-proyecto\/#breadcrumb","itemListElement":[{"@type":"ListItem","position":1,"name":"Portada","item":"https:\/\/rehabilitemoscastellon.es\/"},{"@type":"ListItem","position":2,"name":"\u00a1Presentamos el proyecto!"}]},{"@type":"WebSite","@id":"https:\/\/rehabilitemoscastellon.es\/#website","url":"https:\/\/rehabilitemoscastellon.es\/","name":"Rehabilitemos Castell\u00f3n","description":"Mejoramos vivienda, edificios y barrios","publisher":{"@id":"https:\/\/rehabilitemoscastellon.es\/#organization"},"potentialAction":[{"@type":"SearchAction","target":{"@type":"EntryPoint","urlTemplate":"https:\/\/rehabilitemoscastellon.es\/?s={search_term_string}"},"query-input":"required name=search_term_string"}],"inLanguage":"es"},{"@type":"Organization","@id":"https:\/\/rehabilitemoscastellon.es\/#organization","name":"Rehabilitemos Castell\u00f3n","url":"https:\/\/rehabilitemoscastellon.es\/","logo":{"@type":"ImageObject","inLanguage":"es","@id":"https:\/\/rehabilitemoscastellon.es\/#\/schema\/logo\/image\/","url":"http:\/\/rehabilitemoscastellon.es\/wp-content\/uploads\/2024\/05\/logotipo_color.png","contentUrl":"http:\/\/rehabilitemoscastellon.es\/wp-content\/uploads\/2024\/05\/logotipo_color.png","width":2730,"height":1174,"caption":"Rehabilitemos Castell\u00f3n"},"image":{"@id":"https:\/\/rehabilitemoscastellon.es\/#\/schema\/logo\/image\/"}},{"@type":"Person","@id":"https:\/\/rehabilitemoscastellon.es\/#\/schema\/person\/dd69b3d1c7374f9c9cbbf63803680d49","name":"Mireia","image":{"@type":"ImageObject","inLanguage":"es","@id":"https:\/\/rehabilitemoscastellon.es\/#\/schema\/person\/image\/","url":"https:\/\/secure.gravatar.com\/avatar\/62d98139249b7c3738c5f7447ab943cdbd562a12e4526b2a57bf606df4246c05?s=96&d=mm&r=g","contentUrl":"https:\/\/secure.gravatar.com\/avatar\/62d98139249b7c3738c5f7447ab943cdbd562a12e4526b2a57bf606df4246c05?s=96&d=mm&r=g","caption":"Mireia"},"url":"https:\/\/rehabilitemoscastellon.es\/index.php\/author\/mireia\/"}]}},"_links":{"self":[{"href":"https:\/\/rehabilitemoscastellon.es\/index.php\/wp-json\/wp\/v2\/posts\/303","targetHints":{"allow":["GET"]}}],"collection":[{"href":"https:\/\/rehabilitemoscastellon.es\/index.php\/wp-json\/wp\/v2\/posts"}],"about":[{"href":"https:\/\/rehabilitemoscastellon.es\/index.php\/wp-json\/wp\/v2\/types\/post"}],"author":[{"embeddable":true,"href":"https:\/\/rehabilitemoscastellon.es\/index.php\/wp-json\/wp\/v2\/users\/2"}],"replies":[{"embeddable":true,"href":"https:\/\/rehabilitemoscastellon.es\/index.php\/wp-json\/wp\/v2\/comments?post=303"}],"version-history":[{"count":2,"href":"https:\/\/rehabilitemoscastellon.es\/index.php\/wp-json\/wp\/v2\/posts\/303\/revisions"}],"predecessor-version":[{"id":307,"href":"https:\/\/rehabilitemoscastellon.es\/index.php\/wp-json\/wp\/v2\/posts\/303\/revisions\/307"}],"wp:featuredmedia":[{"embeddable":true,"href":"https:\/\/rehabilitemoscastellon.es\/index.php\/wp-json\/wp\/v2\/media\/304"}],"wp:attachment":[{"href":"https:\/\/rehabilitemoscastellon.es\/index.php\/wp-json\/wp\/v2\/media?parent=303"}],"wp:term":[{"taxonomy":"category","embeddable":true,"href":"https:\/\/rehabilitemoscastellon.es\/index.php\/wp-json\/wp\/v2\/categories?post=303"},{"taxonomy":"post_tag","embeddable":true,"href":"https:\/\/rehabilitemoscastellon.es\/index.php\/wp-json\/wp\/v2\/tags?post=303"}],"curies":[{"name":"wp","href":"https:\/\/api.w.org\/{rel}","templated":true}]}}