{"id":300,"date":"2024-06-24T07:52:04","date_gmt":"2024-06-24T07:52:04","guid":{"rendered":"https:\/\/rehabilitemoscastellon.es\/?p=300"},"modified":"2024-07-09T10:23:25","modified_gmt":"2024-07-09T10:23:25","slug":"inauguramem-loficina-tecnica","status":"publish","type":"post","link":"https:\/\/rehabilitemoscastellon.es\/index.php\/ca\/2024\/06\/24\/inauguramem-loficina-tecnica\/","title":{"rendered":"Inauguramem l\u2019Oficina T\u00e8cnica!"},"content":{"rendered":"\n<p><\/p>\n\n\n\n<p>Des de l&#8217;Ajuntament de Castell\u00f3 de la Plana, posem en marxa la nostra Oficina T\u00e8cnica de Gesti\u00f3 de Rehabilitaci\u00f3 de Barris, localitzada al carrer de les Adoberies, 4 de la nostra ciutat.<\/p>\n\n\n\n<p>En ella, exercirem un paper fonamental en atendre directament la ciutadania implicada en el projecte de rehabilitaci\u00f3 de barris dels grups 25 de novembre, Ramiro Ledesma, Jose Antonio, Mar Mediterr\u00e0nia i Sequiol.<\/p>\n\n\n\n<p>El projecte de rehabilitaci\u00f3 i reurbanitzaci\u00f3 forma part de la gesti\u00f3 dels Entorns Residencials de Rehabilitaci\u00f3 Programada (ERRP) a Castell\u00f3 de la Plana. A m\u00e9s, compta amb el cofinan\u00e7ament dels fons Next Generation en el marc del Pla de Recuperaci\u00f3, Transformaci\u00f3 i Resili\u00e8ncia (PRTR), i l&#8217;aportaci\u00f3 de l&#8217;Ajuntament de Castell\u00f3, subvencionant el projecte al 100% a propietaris i propiet\u00e0ries.<\/p>\n\n\n\n<p>Els nostres horaris d&#8217;atenci\u00f3 s\u00f3n dilluns i dimarts 10.00 a 14.00 i 16.00 a 18.00, i dimecres i divendres de 10.00 a 14.00.<\/p>\n\n\n\n<p>A m\u00e9s, durant el mes de juliol, tindrem una Oficina M\u00f2bil a la disposici\u00f3 de ve\u00efns i ve\u00efnes dels grups de Jos\u00e9 Antonio i Mar Mediterr\u00e0nia, situats en El Grau. Anirem informant sobre la seua localitzaci\u00f3!<\/p>\n\n\n\n<p>Mitjan\u00e7ant aquestes dues oficines, garantirem la proximitat amb totes les persones directament benefici\u00e0ries del projecte \u201cRehabilitem Castell\u00f3\u201d, acostant l&#8217;atenci\u00f3 ciutadana a tots els espais d&#8217;intervenci\u00f3, reduint aix\u00ed les desigualtats d&#8217;acc\u00e9s i creant les aliances necess\u00e0ries per a aconseguir els objectius previstos.<\/p>\n\n\n\n<p>A m\u00e9s, aquest projecte \u00e9s cocreat amb els ve\u00efns i ve\u00efnes a trav\u00e9s de jornades de participaci\u00f3 i accions formatives. La rehabilitaci\u00f3 urbana \u00e9s una tasca col\u00b7lectiva que busca construir una ciutat m\u00e9s pr\u00f2spera, inclusiva i sostenible a Castell\u00f3<\/p>\n\n\n\n<p>Les activitats de participaci\u00f3 i comunicaci\u00f3 comen\u00e7aran el pr\u00f2xim 10 de juny a les 19.00, quan representants de les comunitats de ve\u00efns\/as es reuniran en el Sal\u00f3 de Plens de l&#8217;Ajuntament de Castell\u00f3 amb l&#8217;equip t\u00e8cnic i pol\u00edtic del projecte per a definir els pr\u00f2xims passos a desenvolupar en els seg\u00fcents 2 anys.<\/p>\n\n\n\n<p>Segueix aquest apartat per a con\u00e9ixer les novetats i pr\u00f2xims passos del projecte!<\/p>\n","protected":false},"excerpt":{"rendered":"<p>Des de l&#8217;Ajuntament de Castell\u00f3 de la Plana, posem en marxa la nostra Oficina T\u00e8cnica de Gesti\u00f3 de Rehabilitaci\u00f3 de Barris, localitzada al carrer de les Adoberies, 4 de la nostra ciutat. En ella, exercirem un paper fonamental en atendre directament la ciutadania implicada en el projecte de rehabilitaci\u00f3 de barris dels grups 25 de [&hellip;]<\/p>\n","protected":false},"author":2,"featured_media":252,"comment_status":"open","ping_status":"open","sticky":false,"template":"","format":"standard","meta":{"_et_pb_use_builder":"off","_et_pb_old_content":"","_et_gb_content_width":"","footnotes":""},"categories":[21],"tags":[],"class_list":["post-300","post","type-post","status-publish","format-standard","has-post-thumbnail","hentry","category-noticies_va"],"yoast_head":"<!-- This site is optimized with the Yoast SEO plugin v22.7 - https:\/\/yoast.com\/wordpress\/plugins\/seo\/ -->\n<title>Inauguramem l\u2019Oficina T\u00e8cnica! - Rehabilitemos Castell&oacute;n<\/title>\n<meta name=\"robots\" content=\"index, follow, max-snippet:-1, max-image-preview:large, max-video-preview:-1\" \/>\n<link rel=\"canonical\" href=\"https:\/\/rehabilitemoscastellon.es\/index.php\/ca\/2024\/06\/24\/inauguramem-loficina-tecnica\/\" \/>\n<meta property=\"og:locale\" content=\"es_ES\" \/>\n<meta property=\"og:type\" content=\"article\" \/>\n<meta property=\"og:title\" content=\"Inauguramem l\u2019Oficina T\u00e8cnica! - Rehabilitemos Castell&oacute;n\" \/>\n<meta property=\"og:description\" content=\"Des de l&#8217;Ajuntament de Castell\u00f3 de la Plana, posem en marxa la nostra Oficina T\u00e8cnica de Gesti\u00f3 de Rehabilitaci\u00f3 de Barris, localitzada al carrer de les Adoberies, 4 de la nostra ciutat. En ella, exercirem un paper fonamental en atendre directament la ciutadania implicada en el projecte de rehabilitaci\u00f3 de barris dels grups 25 de [&hellip;]\" \/>\n<meta property=\"og:url\" content=\"https:\/\/rehabilitemoscastellon.es\/index.php\/ca\/2024\/06\/24\/inauguramem-loficina-tecnica\/\" \/>\n<meta property=\"og:site_name\" content=\"Rehabilitemos Castell&oacute;n\" \/>\n<meta property=\"article:published_time\" content=\"2024-06-24T07:52:04+00:00\" \/>\n<meta property=\"article:modified_time\" content=\"2024-07-09T10:23:25+00:00\" \/>\n<meta property=\"og:image\" content=\"https:\/\/rehabilitemoscastellon.es\/wp-content\/uploads\/2024\/06\/IMAGEN4.jpg\" \/>\n\t<meta property=\"og:image:width\" content=\"2000\" \/>\n\t<meta property=\"og:image:height\" content=\"1500\" \/>\n\t<meta property=\"og:image:type\" content=\"image\/jpeg\" \/>\n<meta name=\"author\" content=\"Mireia\" \/>\n<meta name=\"twitter:card\" content=\"summary_large_image\" \/>\n<meta name=\"twitter:label1\" content=\"Escrito por\" \/>\n\t<meta name=\"twitter:data1\" content=\"Mireia\" \/>\n\t<meta name=\"twitter:label2\" content=\"Tiempo de lectura\" \/>\n\t<meta name=\"twitter:data2\" content=\"2 minutos\" \/>\n<script type=\"application\/ld+json\" class=\"yoast-schema-graph\">{\"@context\":\"https:\/\/schema.org\",\"@graph\":[{\"@type\":\"Article\",\"@id\":\"https:\/\/rehabilitemoscastellon.es\/index.php\/ca\/2024\/06\/24\/inauguramem-loficina-tecnica\/#article\",\"isPartOf\":{\"@id\":\"https:\/\/rehabilitemoscastellon.es\/index.php\/ca\/2024\/06\/24\/inauguramem-loficina-tecnica\/\"},\"author\":{\"name\":\"Mireia\",\"@id\":\"https:\/\/rehabilitemoscastellon.es\/#\/schema\/person\/dd69b3d1c7374f9c9cbbf63803680d49\"},\"headline\":\"Inauguramem l\u2019Oficina T\u00e8cnica!\",\"datePublished\":\"2024-06-24T07:52:04+00:00\",\"dateModified\":\"2024-07-09T10:23:25+00:00\",\"mainEntityOfPage\":{\"@id\":\"https:\/\/rehabilitemoscastellon.es\/index.php\/ca\/2024\/06\/24\/inauguramem-loficina-tecnica\/\"},\"wordCount\":363,\"commentCount\":0,\"publisher\":{\"@id\":\"https:\/\/rehabilitemoscastellon.es\/#organization\"},\"image\":{\"@id\":\"https:\/\/rehabilitemoscastellon.es\/index.php\/ca\/2024\/06\/24\/inauguramem-loficina-tecnica\/#primaryimage\"},\"thumbnailUrl\":\"https:\/\/rehabilitemoscastellon.es\/wp-content\/uploads\/2024\/06\/IMAGEN4.jpg\",\"articleSection\":[\"not\u00edcies_va\"],\"inLanguage\":\"es\",\"potentialAction\":[{\"@type\":\"CommentAction\",\"name\":\"Comment\",\"target\":[\"https:\/\/rehabilitemoscastellon.es\/index.php\/ca\/2024\/06\/24\/inauguramem-loficina-tecnica\/#respond\"]}]},{\"@type\":\"WebPage\",\"@id\":\"https:\/\/rehabilitemoscastellon.es\/index.php\/ca\/2024\/06\/24\/inauguramem-loficina-tecnica\/\",\"url\":\"https:\/\/rehabilitemoscastellon.es\/index.php\/ca\/2024\/06\/24\/inauguramem-loficina-tecnica\/\",\"name\":\"Inauguramem l\u2019Oficina T\u00e8cnica! - Rehabilitemos Castell&oacute;n\",\"isPartOf\":{\"@id\":\"https:\/\/rehabilitemoscastellon.es\/#website\"},\"primaryImageOfPage\":{\"@id\":\"https:\/\/rehabilitemoscastellon.es\/index.php\/ca\/2024\/06\/24\/inauguramem-loficina-tecnica\/#primaryimage\"},\"image\":{\"@id\":\"https:\/\/rehabilitemoscastellon.es\/index.php\/ca\/2024\/06\/24\/inauguramem-loficina-tecnica\/#primaryimage\"},\"thumbnailUrl\":\"https:\/\/rehabilitemoscastellon.es\/wp-content\/uploads\/2024\/06\/IMAGEN4.jpg\",\"datePublished\":\"2024-06-24T07:52:04+00:00\",\"dateModified\":\"2024-07-09T10:23:25+00:00\",\"breadcrumb\":{\"@id\":\"https:\/\/rehabilitemoscastellon.es\/index.php\/ca\/2024\/06\/24\/inauguramem-loficina-tecnica\/#breadcrumb\"},\"inLanguage\":\"es\",\"potentialAction\":[{\"@type\":\"ReadAction\",\"target\":[\"https:\/\/rehabilitemoscastellon.es\/index.php\/ca\/2024\/06\/24\/inauguramem-loficina-tecnica\/\"]}]},{\"@type\":\"ImageObject\",\"inLanguage\":\"es\",\"@id\":\"https:\/\/rehabilitemoscastellon.es\/index.php\/ca\/2024\/06\/24\/inauguramem-loficina-tecnica\/#primaryimage\",\"url\":\"https:\/\/rehabilitemoscastellon.es\/wp-content\/uploads\/2024\/06\/IMAGEN4.jpg\",\"contentUrl\":\"https:\/\/rehabilitemoscastellon.es\/wp-content\/uploads\/2024\/06\/IMAGEN4.jpg\",\"width\":2000,\"height\":1500},{\"@type\":\"BreadcrumbList\",\"@id\":\"https:\/\/rehabilitemoscastellon.es\/index.php\/ca\/2024\/06\/24\/inauguramem-loficina-tecnica\/#breadcrumb\",\"itemListElement\":[{\"@type\":\"ListItem\",\"position\":1,\"name\":\"Portada\",\"item\":\"https:\/\/rehabilitemoscastellon.es\/\"},{\"@type\":\"ListItem\",\"position\":2,\"name\":\"Inauguramem l\u2019Oficina T\u00e8cnica!\"}]},{\"@type\":\"WebSite\",\"@id\":\"https:\/\/rehabilitemoscastellon.es\/#website\",\"url\":\"https:\/\/rehabilitemoscastellon.es\/\",\"name\":\"Rehabilitemos Castell\u00f3n\",\"description\":\"Mejoramos vivienda, edificios y barrios\",\"publisher\":{\"@id\":\"https:\/\/rehabilitemoscastellon.es\/#organization\"},\"potentialAction\":[{\"@type\":\"SearchAction\",\"target\":{\"@type\":\"EntryPoint\",\"urlTemplate\":\"https:\/\/rehabilitemoscastellon.es\/?s={search_term_string}\"},\"query-input\":\"required name=search_term_string\"}],\"inLanguage\":\"es\"},{\"@type\":\"Organization\",\"@id\":\"https:\/\/rehabilitemoscastellon.es\/#organization\",\"name\":\"Rehabilitemos Castell\u00f3n\",\"url\":\"https:\/\/rehabilitemoscastellon.es\/\",\"logo\":{\"@type\":\"ImageObject\",\"inLanguage\":\"es\",\"@id\":\"https:\/\/rehabilitemoscastellon.es\/#\/schema\/logo\/image\/\",\"url\":\"http:\/\/rehabilitemoscastellon.es\/wp-content\/uploads\/2024\/05\/logotipo_color.png\",\"contentUrl\":\"http:\/\/rehabilitemoscastellon.es\/wp-content\/uploads\/2024\/05\/logotipo_color.png\",\"width\":2730,\"height\":1174,\"caption\":\"Rehabilitemos Castell\u00f3n\"},\"image\":{\"@id\":\"https:\/\/rehabilitemoscastellon.es\/#\/schema\/logo\/image\/\"}},{\"@type\":\"Person\",\"@id\":\"https:\/\/rehabilitemoscastellon.es\/#\/schema\/person\/dd69b3d1c7374f9c9cbbf63803680d49\",\"name\":\"Mireia\",\"image\":{\"@type\":\"ImageObject\",\"inLanguage\":\"es\",\"@id\":\"https:\/\/rehabilitemoscastellon.es\/#\/schema\/person\/image\/\",\"url\":\"https:\/\/secure.gravatar.com\/avatar\/62d98139249b7c3738c5f7447ab943cdbd562a12e4526b2a57bf606df4246c05?s=96&d=mm&r=g\",\"contentUrl\":\"https:\/\/secure.gravatar.com\/avatar\/62d98139249b7c3738c5f7447ab943cdbd562a12e4526b2a57bf606df4246c05?s=96&d=mm&r=g\",\"caption\":\"Mireia\"},\"url\":\"https:\/\/rehabilitemoscastellon.es\/index.php\/author\/mireia\/\"}]}<\/script>\n<!-- \/ Yoast SEO plugin. -->","yoast_head_json":{"title":"Inauguramem l\u2019Oficina T\u00e8cnica! - Rehabilitemos Castell&oacute;n","robots":{"index":"index","follow":"follow","max-snippet":"max-snippet:-1","max-image-preview":"max-image-preview:large","max-video-preview":"max-video-preview:-1"},"canonical":"https:\/\/rehabilitemoscastellon.es\/index.php\/ca\/2024\/06\/24\/inauguramem-loficina-tecnica\/","og_locale":"es_ES","og_type":"article","og_title":"Inauguramem l\u2019Oficina T\u00e8cnica! - Rehabilitemos Castell&oacute;n","og_description":"Des de l&#8217;Ajuntament de Castell\u00f3 de la Plana, posem en marxa la nostra Oficina T\u00e8cnica de Gesti\u00f3 de Rehabilitaci\u00f3 de Barris, localitzada al carrer de les Adoberies, 4 de la nostra ciutat. En ella, exercirem un paper fonamental en atendre directament la ciutadania implicada en el projecte de rehabilitaci\u00f3 de barris dels grups 25 de [&hellip;]","og_url":"https:\/\/rehabilitemoscastellon.es\/index.php\/ca\/2024\/06\/24\/inauguramem-loficina-tecnica\/","og_site_name":"Rehabilitemos Castell&oacute;n","article_published_time":"2024-06-24T07:52:04+00:00","article_modified_time":"2024-07-09T10:23:25+00:00","og_image":[{"width":2000,"height":1500,"url":"https:\/\/rehabilitemoscastellon.es\/wp-content\/uploads\/2024\/06\/IMAGEN4.jpg","type":"image\/jpeg"}],"author":"Mireia","twitter_card":"summary_large_image","twitter_misc":{"Escrito por":"Mireia","Tiempo de lectura":"2 minutos"},"schema":{"@context":"https:\/\/schema.org","@graph":[{"@type":"Article","@id":"https:\/\/rehabilitemoscastellon.es\/index.php\/ca\/2024\/06\/24\/inauguramem-loficina-tecnica\/#article","isPartOf":{"@id":"https:\/\/rehabilitemoscastellon.es\/index.php\/ca\/2024\/06\/24\/inauguramem-loficina-tecnica\/"},"author":{"name":"Mireia","@id":"https:\/\/rehabilitemoscastellon.es\/#\/schema\/person\/dd69b3d1c7374f9c9cbbf63803680d49"},"headline":"Inauguramem l\u2019Oficina T\u00e8cnica!","datePublished":"2024-06-24T07:52:04+00:00","dateModified":"2024-07-09T10:23:25+00:00","mainEntityOfPage":{"@id":"https:\/\/rehabilitemoscastellon.es\/index.php\/ca\/2024\/06\/24\/inauguramem-loficina-tecnica\/"},"wordCount":363,"commentCount":0,"publisher":{"@id":"https:\/\/rehabilitemoscastellon.es\/#organization"},"image":{"@id":"https:\/\/rehabilitemoscastellon.es\/index.php\/ca\/2024\/06\/24\/inauguramem-loficina-tecnica\/#primaryimage"},"thumbnailUrl":"https:\/\/rehabilitemoscastellon.es\/wp-content\/uploads\/2024\/06\/IMAGEN4.jpg","articleSection":["not\u00edcies_va"],"inLanguage":"es","potentialAction":[{"@type":"CommentAction","name":"Comment","target":["https:\/\/rehabilitemoscastellon.es\/index.php\/ca\/2024\/06\/24\/inauguramem-loficina-tecnica\/#respond"]}]},{"@type":"WebPage","@id":"https:\/\/rehabilitemoscastellon.es\/index.php\/ca\/2024\/06\/24\/inauguramem-loficina-tecnica\/","url":"https:\/\/rehabilitemoscastellon.es\/index.php\/ca\/2024\/06\/24\/inauguramem-loficina-tecnica\/","name":"Inauguramem l\u2019Oficina T\u00e8cnica! - Rehabilitemos Castell&oacute;n","isPartOf":{"@id":"https:\/\/rehabilitemoscastellon.es\/#website"},"primaryImageOfPage":{"@id":"https:\/\/rehabilitemoscastellon.es\/index.php\/ca\/2024\/06\/24\/inauguramem-loficina-tecnica\/#primaryimage"},"image":{"@id":"https:\/\/rehabilitemoscastellon.es\/index.php\/ca\/2024\/06\/24\/inauguramem-loficina-tecnica\/#primaryimage"},"thumbnailUrl":"https:\/\/rehabilitemoscastellon.es\/wp-content\/uploads\/2024\/06\/IMAGEN4.jpg","datePublished":"2024-06-24T07:52:04+00:00","dateModified":"2024-07-09T10:23:25+00:00","breadcrumb":{"@id":"https:\/\/rehabilitemoscastellon.es\/index.php\/ca\/2024\/06\/24\/inauguramem-loficina-tecnica\/#breadcrumb"},"inLanguage":"es","potentialAction":[{"@type":"ReadAction","target":["https:\/\/rehabilitemoscastellon.es\/index.php\/ca\/2024\/06\/24\/inauguramem-loficina-tecnica\/"]}]},{"@type":"ImageObject","inLanguage":"es","@id":"https:\/\/rehabilitemoscastellon.es\/index.php\/ca\/2024\/06\/24\/inauguramem-loficina-tecnica\/#primaryimage","url":"https:\/\/rehabilitemoscastellon.es\/wp-content\/uploads\/2024\/06\/IMAGEN4.jpg","contentUrl":"https:\/\/rehabilitemoscastellon.es\/wp-content\/uploads\/2024\/06\/IMAGEN4.jpg","width":2000,"height":1500},{"@type":"BreadcrumbList","@id":"https:\/\/rehabilitemoscastellon.es\/index.php\/ca\/2024\/06\/24\/inauguramem-loficina-tecnica\/#breadcrumb","itemListElement":[{"@type":"ListItem","position":1,"name":"Portada","item":"https:\/\/rehabilitemoscastellon.es\/"},{"@type":"ListItem","position":2,"name":"Inauguramem l\u2019Oficina T\u00e8cnica!"}]},{"@type":"WebSite","@id":"https:\/\/rehabilitemoscastellon.es\/#website","url":"https:\/\/rehabilitemoscastellon.es\/","name":"Rehabilitemos Castell\u00f3n","description":"Mejoramos vivienda, edificios y barrios","publisher":{"@id":"https:\/\/rehabilitemoscastellon.es\/#organization"},"potentialAction":[{"@type":"SearchAction","target":{"@type":"EntryPoint","urlTemplate":"https:\/\/rehabilitemoscastellon.es\/?s={search_term_string}"},"query-input":"required name=search_term_string"}],"inLanguage":"es"},{"@type":"Organization","@id":"https:\/\/rehabilitemoscastellon.es\/#organization","name":"Rehabilitemos Castell\u00f3n","url":"https:\/\/rehabilitemoscastellon.es\/","logo":{"@type":"ImageObject","inLanguage":"es","@id":"https:\/\/rehabilitemoscastellon.es\/#\/schema\/logo\/image\/","url":"http:\/\/rehabilitemoscastellon.es\/wp-content\/uploads\/2024\/05\/logotipo_color.png","contentUrl":"http:\/\/rehabilitemoscastellon.es\/wp-content\/uploads\/2024\/05\/logotipo_color.png","width":2730,"height":1174,"caption":"Rehabilitemos Castell\u00f3n"},"image":{"@id":"https:\/\/rehabilitemoscastellon.es\/#\/schema\/logo\/image\/"}},{"@type":"Person","@id":"https:\/\/rehabilitemoscastellon.es\/#\/schema\/person\/dd69b3d1c7374f9c9cbbf63803680d49","name":"Mireia","image":{"@type":"ImageObject","inLanguage":"es","@id":"https:\/\/rehabilitemoscastellon.es\/#\/schema\/person\/image\/","url":"https:\/\/secure.gravatar.com\/avatar\/62d98139249b7c3738c5f7447ab943cdbd562a12e4526b2a57bf606df4246c05?s=96&d=mm&r=g","contentUrl":"https:\/\/secure.gravatar.com\/avatar\/62d98139249b7c3738c5f7447ab943cdbd562a12e4526b2a57bf606df4246c05?s=96&d=mm&r=g","caption":"Mireia"},"url":"https:\/\/rehabilitemoscastellon.es\/index.php\/author\/mireia\/"}]}},"_links":{"self":[{"href":"https:\/\/rehabilitemoscastellon.es\/index.php\/wp-json\/wp\/v2\/posts\/300","targetHints":{"allow":["GET"]}}],"collection":[{"href":"https:\/\/rehabilitemoscastellon.es\/index.php\/wp-json\/wp\/v2\/posts"}],"about":[{"href":"https:\/\/rehabilitemoscastellon.es\/index.php\/wp-json\/wp\/v2\/types\/post"}],"author":[{"embeddable":true,"href":"https:\/\/rehabilitemoscastellon.es\/index.php\/wp-json\/wp\/v2\/users\/2"}],"replies":[{"embeddable":true,"href":"https:\/\/rehabilitemoscastellon.es\/index.php\/wp-json\/wp\/v2\/comments?post=300"}],"version-history":[{"count":1,"href":"https:\/\/rehabilitemoscastellon.es\/index.php\/wp-json\/wp\/v2\/posts\/300\/revisions"}],"predecessor-version":[{"id":301,"href":"https:\/\/rehabilitemoscastellon.es\/index.php\/wp-json\/wp\/v2\/posts\/300\/revisions\/301"}],"wp:featuredmedia":[{"embeddable":true,"href":"https:\/\/rehabilitemoscastellon.es\/index.php\/wp-json\/wp\/v2\/media\/252"}],"wp:attachment":[{"href":"https:\/\/rehabilitemoscastellon.es\/index.php\/wp-json\/wp\/v2\/media?parent=300"}],"wp:term":[{"taxonomy":"category","embeddable":true,"href":"https:\/\/rehabilitemoscastellon.es\/index.php\/wp-json\/wp\/v2\/categories?post=300"},{"taxonomy":"post_tag","embeddable":true,"href":"https:\/\/rehabilitemoscastellon.es\/index.php\/wp-json\/wp\/v2\/tags?post=300"}],"curies":[{"name":"wp","href":"https:\/\/api.w.org\/{rel}","templated":true}]}}