{"id":243,"date":"2024-06-21T09:42:45","date_gmt":"2024-06-21T09:42:45","guid":{"rendered":"https:\/\/rehabilitemoscastellon.es\/?p=243"},"modified":"2024-06-24T07:54:55","modified_gmt":"2024-06-24T07:54:55","slug":"inauguramos-la-oficina-tecnica","status":"publish","type":"post","link":"https:\/\/rehabilitemoscastellon.es\/index.php\/2024\/06\/21\/inauguramos-la-oficina-tecnica\/","title":{"rendered":"\u00a1Inauguramos la Oficina T\u00e9cnica!"},"content":{"rendered":"\n<p>Desde el Ayuntamiento de Castell\u00f3n de la Plana, ponemos en marcha nuestra <strong>Oficina T\u00e9cnica de Gesti\u00f3n de Rehabilitaci\u00f3n de Barrios<\/strong>, localizada en la calle Tener\u00edas 4 de nuestra ciudad.<\/p>\n\n\n\n<p>En ella, <strong>desempe\u00f1aremos un papel fundamental<\/strong>&nbsp;al&nbsp;<strong>atender directamente<\/strong>&nbsp;a la ciudadan\u00eda&nbsp;<strong>implicada<\/strong>&nbsp;en el&nbsp;<strong>proyecto de rehabilitaci\u00f3n de barrios<\/strong>&nbsp;de los grupos 25 de noviembre, Ramiro Ledesma, Jose Antonio, Mar Mediterr\u00e1neo y Sequiol. <\/p>\n\n\n\n<p>El proyecto de <strong>rehabilitaci\u00f3n y reurbanizaci\u00f3n<\/strong> forma parte de la gesti\u00f3n de los <strong>Entornos Residenciales de Rehabilitaci\u00f3n Programada (ERRP) en Castell\u00f3n de la Plana<\/strong>. Adem\u00e1s, cuenta con la cofinanciaci\u00f3n de los fondos Next Generation en el marco del <strong>Plan de Recuperaci\u00f3n, Transformaci\u00f3n y Resiliencia (PRTR)<\/strong>, y la aportaci\u00f3n del Ayuntamiento de Castell\u00f3n, subvencionando el proyecto al 100% a propietarios y propietarias.<\/p>\n\n\n\n<p>Nuestros horarios de atenci\u00f3n son lunes y martes 10:00 a 14:00 y 16:00 a 18:00, y mi\u00e9rcoles y viernes de 10:00 a 14:00.<\/p>\n\n\n\n<p>Adem\u00e1s, durante el mes de julio, tendremos una Oficina M\u00f3vil a disposici\u00f3n de vecinos y vecinas de los grupos de Jos\u00e9 Antonio y Mar Mediterr\u00e1neo, situados en El Grao. \u00a1Iremos informando sobre su localizaci\u00f3n!<\/p>\n\n\n\n<p>Mediante estas dos oficinas, garantizaremos la cercan\u00eda con todas las personas directamente beneficiarias del proyecto \u201cRehabilitemos Castell\u00f3n\u201d, acercando la atenci\u00f3n ciudadana a todos los espacios de intervenci\u00f3n, reduciendo as\u00ed las desigualdades de acceso y creando las alianzas necesarias para lograr los objetivos previstos. &nbsp;&nbsp;<\/p>\n\n\n\n<p>Adem\u00e1s, este proyecto es cocreado con los vecinos y vecinas a trav\u00e9s de jornadas de participaci\u00f3n y acciones formativas. La rehabilitaci\u00f3n urbana es una tarea colectiva que busca construir una ciudad m\u00e1s pr\u00f3spera, inclusiva y sostenible en Castell\u00f3n<\/p>\n\n\n\n<p>Las actividades de participaci\u00f3n y comunicaci\u00f3n comenzar\u00e1n el pasado 10 de junio a las 19:00, cuando representantes de las comunidades de vecinos\/as se reunir\u00e1n en el Sal\u00f3n de Plenos del Ayuntamiento de Castell\u00f3n con el equipo t\u00e9cnico y pol\u00edtico del proyecto para definir los pr\u00f3ximos pasos a desarrollar en los siguientes 2 a\u00f1os.<\/p>\n\n\n\n<p>\u00a1Sigue este apartado para conocer las novedades y pr\u00f3ximos pasos del proyecto!<\/p>\n","protected":false},"excerpt":{"rendered":"<p>Desde el Ayuntamiento de Castell\u00f3n de la Plana, ponemos en marcha nuestra Oficina T\u00e9cnica de Gesti\u00f3n de Rehabilitaci\u00f3n de Barrios, localizada en la calle Tener\u00edas 4 de nuestra ciudad. En ella, desempe\u00f1aremos un papel fundamental&nbsp;al&nbsp;atender directamente&nbsp;a la ciudadan\u00eda&nbsp;implicada&nbsp;en el&nbsp;proyecto de rehabilitaci\u00f3n de barrios&nbsp;de los grupos 25 de noviembre, Ramiro Ledesma, Jose Antonio, Mar Mediterr\u00e1neo y [&hellip;]<\/p>\n","protected":false},"author":2,"featured_media":252,"comment_status":"open","ping_status":"open","sticky":false,"template":"","format":"standard","meta":{"_et_pb_use_builder":"off","_et_pb_old_content":"","_et_gb_content_width":"","footnotes":""},"categories":[19],"tags":[],"class_list":["post-243","post","type-post","status-publish","format-standard","has-post-thumbnail","hentry","category-noticias_es"],"yoast_head":"<!-- This site is optimized with the Yoast SEO plugin v22.7 - https:\/\/yoast.com\/wordpress\/plugins\/seo\/ -->\n<title>\u00a1Inauguramos la Oficina T\u00e9cnica! - Rehabilitemos Castell&oacute;n<\/title>\n<meta name=\"robots\" content=\"index, follow, max-snippet:-1, max-image-preview:large, max-video-preview:-1\" \/>\n<link rel=\"canonical\" href=\"https:\/\/rehabilitemoscastellon.es\/index.php\/2024\/06\/21\/inauguramos-la-oficina-tecnica\/\" \/>\n<meta property=\"og:locale\" content=\"es_ES\" \/>\n<meta property=\"og:type\" content=\"article\" \/>\n<meta property=\"og:title\" content=\"\u00a1Inauguramos la Oficina T\u00e9cnica! - Rehabilitemos Castell&oacute;n\" \/>\n<meta property=\"og:description\" content=\"Desde el Ayuntamiento de Castell\u00f3n de la Plana, ponemos en marcha nuestra Oficina T\u00e9cnica de Gesti\u00f3n de Rehabilitaci\u00f3n de Barrios, localizada en la calle Tener\u00edas 4 de nuestra ciudad. En ella, desempe\u00f1aremos un papel fundamental&nbsp;al&nbsp;atender directamente&nbsp;a la ciudadan\u00eda&nbsp;implicada&nbsp;en el&nbsp;proyecto de rehabilitaci\u00f3n de barrios&nbsp;de los grupos 25 de noviembre, Ramiro Ledesma, Jose Antonio, Mar Mediterr\u00e1neo y [&hellip;]\" \/>\n<meta property=\"og:url\" content=\"https:\/\/rehabilitemoscastellon.es\/index.php\/2024\/06\/21\/inauguramos-la-oficina-tecnica\/\" \/>\n<meta property=\"og:site_name\" content=\"Rehabilitemos Castell&oacute;n\" \/>\n<meta property=\"article:published_time\" content=\"2024-06-21T09:42:45+00:00\" \/>\n<meta property=\"article:modified_time\" content=\"2024-06-24T07:54:55+00:00\" \/>\n<meta property=\"og:image\" content=\"https:\/\/rehabilitemoscastellon.es\/wp-content\/uploads\/2024\/06\/IMAGEN4.jpg\" \/>\n\t<meta property=\"og:image:width\" content=\"2000\" \/>\n\t<meta property=\"og:image:height\" content=\"1500\" \/>\n\t<meta property=\"og:image:type\" content=\"image\/jpeg\" \/>\n<meta name=\"author\" content=\"Mireia\" \/>\n<meta name=\"twitter:card\" content=\"summary_large_image\" \/>\n<meta name=\"twitter:label1\" content=\"Escrito por\" \/>\n\t<meta name=\"twitter:data1\" content=\"Mireia\" \/>\n\t<meta name=\"twitter:label2\" content=\"Tiempo de lectura\" \/>\n\t<meta name=\"twitter:data2\" content=\"2 minutos\" \/>\n<script type=\"application\/ld+json\" class=\"yoast-schema-graph\">{\"@context\":\"https:\/\/schema.org\",\"@graph\":[{\"@type\":\"Article\",\"@id\":\"https:\/\/rehabilitemoscastellon.es\/index.php\/2024\/06\/21\/inauguramos-la-oficina-tecnica\/#article\",\"isPartOf\":{\"@id\":\"https:\/\/rehabilitemoscastellon.es\/index.php\/2024\/06\/21\/inauguramos-la-oficina-tecnica\/\"},\"author\":{\"name\":\"Mireia\",\"@id\":\"https:\/\/rehabilitemoscastellon.es\/#\/schema\/person\/dd69b3d1c7374f9c9cbbf63803680d49\"},\"headline\":\"\u00a1Inauguramos la Oficina T\u00e9cnica!\",\"datePublished\":\"2024-06-21T09:42:45+00:00\",\"dateModified\":\"2024-06-24T07:54:55+00:00\",\"mainEntityOfPage\":{\"@id\":\"https:\/\/rehabilitemoscastellon.es\/index.php\/2024\/06\/21\/inauguramos-la-oficina-tecnica\/\"},\"wordCount\":379,\"commentCount\":0,\"publisher\":{\"@id\":\"https:\/\/rehabilitemoscastellon.es\/#organization\"},\"image\":{\"@id\":\"https:\/\/rehabilitemoscastellon.es\/index.php\/2024\/06\/21\/inauguramos-la-oficina-tecnica\/#primaryimage\"},\"thumbnailUrl\":\"https:\/\/rehabilitemoscastellon.es\/wp-content\/uploads\/2024\/06\/IMAGEN4.jpg\",\"articleSection\":[\"noticias_es\"],\"inLanguage\":\"es\",\"potentialAction\":[{\"@type\":\"CommentAction\",\"name\":\"Comment\",\"target\":[\"https:\/\/rehabilitemoscastellon.es\/index.php\/2024\/06\/21\/inauguramos-la-oficina-tecnica\/#respond\"]}]},{\"@type\":\"WebPage\",\"@id\":\"https:\/\/rehabilitemoscastellon.es\/index.php\/2024\/06\/21\/inauguramos-la-oficina-tecnica\/\",\"url\":\"https:\/\/rehabilitemoscastellon.es\/index.php\/2024\/06\/21\/inauguramos-la-oficina-tecnica\/\",\"name\":\"\u00a1Inauguramos la Oficina T\u00e9cnica! - Rehabilitemos Castell&oacute;n\",\"isPartOf\":{\"@id\":\"https:\/\/rehabilitemoscastellon.es\/#website\"},\"primaryImageOfPage\":{\"@id\":\"https:\/\/rehabilitemoscastellon.es\/index.php\/2024\/06\/21\/inauguramos-la-oficina-tecnica\/#primaryimage\"},\"image\":{\"@id\":\"https:\/\/rehabilitemoscastellon.es\/index.php\/2024\/06\/21\/inauguramos-la-oficina-tecnica\/#primaryimage\"},\"thumbnailUrl\":\"https:\/\/rehabilitemoscastellon.es\/wp-content\/uploads\/2024\/06\/IMAGEN4.jpg\",\"datePublished\":\"2024-06-21T09:42:45+00:00\",\"dateModified\":\"2024-06-24T07:54:55+00:00\",\"breadcrumb\":{\"@id\":\"https:\/\/rehabilitemoscastellon.es\/index.php\/2024\/06\/21\/inauguramos-la-oficina-tecnica\/#breadcrumb\"},\"inLanguage\":\"es\",\"potentialAction\":[{\"@type\":\"ReadAction\",\"target\":[\"https:\/\/rehabilitemoscastellon.es\/index.php\/2024\/06\/21\/inauguramos-la-oficina-tecnica\/\"]}]},{\"@type\":\"ImageObject\",\"inLanguage\":\"es\",\"@id\":\"https:\/\/rehabilitemoscastellon.es\/index.php\/2024\/06\/21\/inauguramos-la-oficina-tecnica\/#primaryimage\",\"url\":\"https:\/\/rehabilitemoscastellon.es\/wp-content\/uploads\/2024\/06\/IMAGEN4.jpg\",\"contentUrl\":\"https:\/\/rehabilitemoscastellon.es\/wp-content\/uploads\/2024\/06\/IMAGEN4.jpg\",\"width\":2000,\"height\":1500},{\"@type\":\"BreadcrumbList\",\"@id\":\"https:\/\/rehabilitemoscastellon.es\/index.php\/2024\/06\/21\/inauguramos-la-oficina-tecnica\/#breadcrumb\",\"itemListElement\":[{\"@type\":\"ListItem\",\"position\":1,\"name\":\"Portada\",\"item\":\"https:\/\/rehabilitemoscastellon.es\/\"},{\"@type\":\"ListItem\",\"position\":2,\"name\":\"\u00a1Inauguramos la Oficina T\u00e9cnica!\"}]},{\"@type\":\"WebSite\",\"@id\":\"https:\/\/rehabilitemoscastellon.es\/#website\",\"url\":\"https:\/\/rehabilitemoscastellon.es\/\",\"name\":\"Rehabilitemos Castell\u00f3n\",\"description\":\"Mejoramos vivienda, edificios y barrios\",\"publisher\":{\"@id\":\"https:\/\/rehabilitemoscastellon.es\/#organization\"},\"potentialAction\":[{\"@type\":\"SearchAction\",\"target\":{\"@type\":\"EntryPoint\",\"urlTemplate\":\"https:\/\/rehabilitemoscastellon.es\/?s={search_term_string}\"},\"query-input\":\"required name=search_term_string\"}],\"inLanguage\":\"es\"},{\"@type\":\"Organization\",\"@id\":\"https:\/\/rehabilitemoscastellon.es\/#organization\",\"name\":\"Rehabilitemos Castell\u00f3n\",\"url\":\"https:\/\/rehabilitemoscastellon.es\/\",\"logo\":{\"@type\":\"ImageObject\",\"inLanguage\":\"es\",\"@id\":\"https:\/\/rehabilitemoscastellon.es\/#\/schema\/logo\/image\/\",\"url\":\"http:\/\/rehabilitemoscastellon.es\/wp-content\/uploads\/2024\/05\/logotipo_color.png\",\"contentUrl\":\"http:\/\/rehabilitemoscastellon.es\/wp-content\/uploads\/2024\/05\/logotipo_color.png\",\"width\":2730,\"height\":1174,\"caption\":\"Rehabilitemos Castell\u00f3n\"},\"image\":{\"@id\":\"https:\/\/rehabilitemoscastellon.es\/#\/schema\/logo\/image\/\"}},{\"@type\":\"Person\",\"@id\":\"https:\/\/rehabilitemoscastellon.es\/#\/schema\/person\/dd69b3d1c7374f9c9cbbf63803680d49\",\"name\":\"Mireia\",\"image\":{\"@type\":\"ImageObject\",\"inLanguage\":\"es\",\"@id\":\"https:\/\/rehabilitemoscastellon.es\/#\/schema\/person\/image\/\",\"url\":\"https:\/\/secure.gravatar.com\/avatar\/62d98139249b7c3738c5f7447ab943cdbd562a12e4526b2a57bf606df4246c05?s=96&d=mm&r=g\",\"contentUrl\":\"https:\/\/secure.gravatar.com\/avatar\/62d98139249b7c3738c5f7447ab943cdbd562a12e4526b2a57bf606df4246c05?s=96&d=mm&r=g\",\"caption\":\"Mireia\"},\"url\":\"https:\/\/rehabilitemoscastellon.es\/index.php\/author\/mireia\/\"}]}<\/script>\n<!-- \/ Yoast SEO plugin. -->","yoast_head_json":{"title":"\u00a1Inauguramos la Oficina T\u00e9cnica! - Rehabilitemos Castell&oacute;n","robots":{"index":"index","follow":"follow","max-snippet":"max-snippet:-1","max-image-preview":"max-image-preview:large","max-video-preview":"max-video-preview:-1"},"canonical":"https:\/\/rehabilitemoscastellon.es\/index.php\/2024\/06\/21\/inauguramos-la-oficina-tecnica\/","og_locale":"es_ES","og_type":"article","og_title":"\u00a1Inauguramos la Oficina T\u00e9cnica! - Rehabilitemos Castell&oacute;n","og_description":"Desde el Ayuntamiento de Castell\u00f3n de la Plana, ponemos en marcha nuestra Oficina T\u00e9cnica de Gesti\u00f3n de Rehabilitaci\u00f3n de Barrios, localizada en la calle Tener\u00edas 4 de nuestra ciudad. En ella, desempe\u00f1aremos un papel fundamental&nbsp;al&nbsp;atender directamente&nbsp;a la ciudadan\u00eda&nbsp;implicada&nbsp;en el&nbsp;proyecto de rehabilitaci\u00f3n de barrios&nbsp;de los grupos 25 de noviembre, Ramiro Ledesma, Jose Antonio, Mar Mediterr\u00e1neo y [&hellip;]","og_url":"https:\/\/rehabilitemoscastellon.es\/index.php\/2024\/06\/21\/inauguramos-la-oficina-tecnica\/","og_site_name":"Rehabilitemos Castell&oacute;n","article_published_time":"2024-06-21T09:42:45+00:00","article_modified_time":"2024-06-24T07:54:55+00:00","og_image":[{"width":2000,"height":1500,"url":"https:\/\/rehabilitemoscastellon.es\/wp-content\/uploads\/2024\/06\/IMAGEN4.jpg","type":"image\/jpeg"}],"author":"Mireia","twitter_card":"summary_large_image","twitter_misc":{"Escrito por":"Mireia","Tiempo de lectura":"2 minutos"},"schema":{"@context":"https:\/\/schema.org","@graph":[{"@type":"Article","@id":"https:\/\/rehabilitemoscastellon.es\/index.php\/2024\/06\/21\/inauguramos-la-oficina-tecnica\/#article","isPartOf":{"@id":"https:\/\/rehabilitemoscastellon.es\/index.php\/2024\/06\/21\/inauguramos-la-oficina-tecnica\/"},"author":{"name":"Mireia","@id":"https:\/\/rehabilitemoscastellon.es\/#\/schema\/person\/dd69b3d1c7374f9c9cbbf63803680d49"},"headline":"\u00a1Inauguramos la Oficina T\u00e9cnica!","datePublished":"2024-06-21T09:42:45+00:00","dateModified":"2024-06-24T07:54:55+00:00","mainEntityOfPage":{"@id":"https:\/\/rehabilitemoscastellon.es\/index.php\/2024\/06\/21\/inauguramos-la-oficina-tecnica\/"},"wordCount":379,"commentCount":0,"publisher":{"@id":"https:\/\/rehabilitemoscastellon.es\/#organization"},"image":{"@id":"https:\/\/rehabilitemoscastellon.es\/index.php\/2024\/06\/21\/inauguramos-la-oficina-tecnica\/#primaryimage"},"thumbnailUrl":"https:\/\/rehabilitemoscastellon.es\/wp-content\/uploads\/2024\/06\/IMAGEN4.jpg","articleSection":["noticias_es"],"inLanguage":"es","potentialAction":[{"@type":"CommentAction","name":"Comment","target":["https:\/\/rehabilitemoscastellon.es\/index.php\/2024\/06\/21\/inauguramos-la-oficina-tecnica\/#respond"]}]},{"@type":"WebPage","@id":"https:\/\/rehabilitemoscastellon.es\/index.php\/2024\/06\/21\/inauguramos-la-oficina-tecnica\/","url":"https:\/\/rehabilitemoscastellon.es\/index.php\/2024\/06\/21\/inauguramos-la-oficina-tecnica\/","name":"\u00a1Inauguramos la Oficina T\u00e9cnica! - Rehabilitemos Castell&oacute;n","isPartOf":{"@id":"https:\/\/rehabilitemoscastellon.es\/#website"},"primaryImageOfPage":{"@id":"https:\/\/rehabilitemoscastellon.es\/index.php\/2024\/06\/21\/inauguramos-la-oficina-tecnica\/#primaryimage"},"image":{"@id":"https:\/\/rehabilitemoscastellon.es\/index.php\/2024\/06\/21\/inauguramos-la-oficina-tecnica\/#primaryimage"},"thumbnailUrl":"https:\/\/rehabilitemoscastellon.es\/wp-content\/uploads\/2024\/06\/IMAGEN4.jpg","datePublished":"2024-06-21T09:42:45+00:00","dateModified":"2024-06-24T07:54:55+00:00","breadcrumb":{"@id":"https:\/\/rehabilitemoscastellon.es\/index.php\/2024\/06\/21\/inauguramos-la-oficina-tecnica\/#breadcrumb"},"inLanguage":"es","potentialAction":[{"@type":"ReadAction","target":["https:\/\/rehabilitemoscastellon.es\/index.php\/2024\/06\/21\/inauguramos-la-oficina-tecnica\/"]}]},{"@type":"ImageObject","inLanguage":"es","@id":"https:\/\/rehabilitemoscastellon.es\/index.php\/2024\/06\/21\/inauguramos-la-oficina-tecnica\/#primaryimage","url":"https:\/\/rehabilitemoscastellon.es\/wp-content\/uploads\/2024\/06\/IMAGEN4.jpg","contentUrl":"https:\/\/rehabilitemoscastellon.es\/wp-content\/uploads\/2024\/06\/IMAGEN4.jpg","width":2000,"height":1500},{"@type":"BreadcrumbList","@id":"https:\/\/rehabilitemoscastellon.es\/index.php\/2024\/06\/21\/inauguramos-la-oficina-tecnica\/#breadcrumb","itemListElement":[{"@type":"ListItem","position":1,"name":"Portada","item":"https:\/\/rehabilitemoscastellon.es\/"},{"@type":"ListItem","position":2,"name":"\u00a1Inauguramos la Oficina T\u00e9cnica!"}]},{"@type":"WebSite","@id":"https:\/\/rehabilitemoscastellon.es\/#website","url":"https:\/\/rehabilitemoscastellon.es\/","name":"Rehabilitemos Castell\u00f3n","description":"Mejoramos vivienda, edificios y barrios","publisher":{"@id":"https:\/\/rehabilitemoscastellon.es\/#organization"},"potentialAction":[{"@type":"SearchAction","target":{"@type":"EntryPoint","urlTemplate":"https:\/\/rehabilitemoscastellon.es\/?s={search_term_string}"},"query-input":"required name=search_term_string"}],"inLanguage":"es"},{"@type":"Organization","@id":"https:\/\/rehabilitemoscastellon.es\/#organization","name":"Rehabilitemos Castell\u00f3n","url":"https:\/\/rehabilitemoscastellon.es\/","logo":{"@type":"ImageObject","inLanguage":"es","@id":"https:\/\/rehabilitemoscastellon.es\/#\/schema\/logo\/image\/","url":"http:\/\/rehabilitemoscastellon.es\/wp-content\/uploads\/2024\/05\/logotipo_color.png","contentUrl":"http:\/\/rehabilitemoscastellon.es\/wp-content\/uploads\/2024\/05\/logotipo_color.png","width":2730,"height":1174,"caption":"Rehabilitemos Castell\u00f3n"},"image":{"@id":"https:\/\/rehabilitemoscastellon.es\/#\/schema\/logo\/image\/"}},{"@type":"Person","@id":"https:\/\/rehabilitemoscastellon.es\/#\/schema\/person\/dd69b3d1c7374f9c9cbbf63803680d49","name":"Mireia","image":{"@type":"ImageObject","inLanguage":"es","@id":"https:\/\/rehabilitemoscastellon.es\/#\/schema\/person\/image\/","url":"https:\/\/secure.gravatar.com\/avatar\/62d98139249b7c3738c5f7447ab943cdbd562a12e4526b2a57bf606df4246c05?s=96&d=mm&r=g","contentUrl":"https:\/\/secure.gravatar.com\/avatar\/62d98139249b7c3738c5f7447ab943cdbd562a12e4526b2a57bf606df4246c05?s=96&d=mm&r=g","caption":"Mireia"},"url":"https:\/\/rehabilitemoscastellon.es\/index.php\/author\/mireia\/"}]}},"_links":{"self":[{"href":"https:\/\/rehabilitemoscastellon.es\/index.php\/wp-json\/wp\/v2\/posts\/243","targetHints":{"allow":["GET"]}}],"collection":[{"href":"https:\/\/rehabilitemoscastellon.es\/index.php\/wp-json\/wp\/v2\/posts"}],"about":[{"href":"https:\/\/rehabilitemoscastellon.es\/index.php\/wp-json\/wp\/v2\/types\/post"}],"author":[{"embeddable":true,"href":"https:\/\/rehabilitemoscastellon.es\/index.php\/wp-json\/wp\/v2\/users\/2"}],"replies":[{"embeddable":true,"href":"https:\/\/rehabilitemoscastellon.es\/index.php\/wp-json\/wp\/v2\/comments?post=243"}],"version-history":[{"count":2,"href":"https:\/\/rehabilitemoscastellon.es\/index.php\/wp-json\/wp\/v2\/posts\/243\/revisions"}],"predecessor-version":[{"id":302,"href":"https:\/\/rehabilitemoscastellon.es\/index.php\/wp-json\/wp\/v2\/posts\/243\/revisions\/302"}],"wp:featuredmedia":[{"embeddable":true,"href":"https:\/\/rehabilitemoscastellon.es\/index.php\/wp-json\/wp\/v2\/media\/252"}],"wp:attachment":[{"href":"https:\/\/rehabilitemoscastellon.es\/index.php\/wp-json\/wp\/v2\/media?parent=243"}],"wp:term":[{"taxonomy":"category","embeddable":true,"href":"https:\/\/rehabilitemoscastellon.es\/index.php\/wp-json\/wp\/v2\/categories?post=243"},{"taxonomy":"post_tag","embeddable":true,"href":"https:\/\/rehabilitemoscastellon.es\/index.php\/wp-json\/wp\/v2\/tags?post=243"}],"curies":[{"name":"wp","href":"https:\/\/api.w.org\/{rel}","templated":true}]}}